{"id":14861,"date":"2024-08-26T15:30:11","date_gmt":"2024-08-26T13:30:11","guid":{"rendered":"https:\/\/blog.termetritone.it\/?p=14861"},"modified":"2024-08-26T15:29:59","modified_gmt":"2024-08-26T13:29:59","slug":"le-patrimoine-exceptionnel-des-collines-euganeennes-est-reconnu-par-lunesco","status":"publish","type":"post","link":"https:\/\/blog.termetritone.it\/fr\/territoire\/le-patrimoine-exceptionnel-des-collines-euganeennes-est-reconnu-par-lunesco\/","title":{"rendered":"Le patrimoine exceptionnel des Collines Eugan\u00e9ennes est reconnu par l&rsquo;Unesco"},"content":{"rendered":"<p><span style=\"font-weight: 400;\">Quel est le rapport entre les Collines Eugan\u00e9ennes et les paysages africains du fleuve Gambie, les plaines verdoyantes des Philippines et les sommets de la fronti\u00e8re occidentale des Pyr\u00e9n\u00e9es catalanes\u00a0?<\/span><\/p>\n<p><span style=\"font-weight: 400;\">Elles font toutes partie de la liste des<\/span><b> 11 nouvelles r\u00e9serves mondiales de biodiversit\u00e9, approuv\u00e9es par l&rsquo;Unesco<\/b><span style=\"font-weight: 400;\"> d\u00e9but juillet 2024. Les Collines Eugan\u00e9ennes ont franchi une nouvelle \u00e9tape importante et toute l&rsquo;\u00e9quipe de l&rsquo;H\u00f4tel Tritone, qui les a toujours promues, ne peut que s&rsquo;en f\u00e9liciter.<\/span><\/p>\n<p>&nbsp;<\/p>\n<p><b>LA \u00ab\u00a0COEXISTENCE HARMONIEUSE\u00a0\u00bb QUI A CONVAINCU L&rsquo;UNESCO<\/b><\/p>\n<p><span style=\"font-weight: 400;\">Comme l&rsquo;\u00e9crit l&rsquo;Unesco sur son site, les Collines Eugan\u00e9ennes sont un \u00ab\u00a0paysage pittoresque\u00a0\u00bb form\u00e9 par <\/span><b>81\u00a0collines volcaniques<\/b><span style=\"font-weight: 400;\"> couvrant une superficie de 341\u00a0km\u00b2. Le <\/span><b>patrimoine naturel et culturel<\/b><span style=\"font-weight: 400;\"> de cette r\u00e9gion comprend non seulement la zone thermale que nos h\u00f4tes connaissent bien, mais aussi des lieux de beaut\u00e9 et de richesse tels que les oliveraies, les vignobles, les villages, la flore et la faune typiques. Ce patrimoine constitue la grande valeur des Collines Eugan\u00e9ennes ainsi que la capacit\u00e9 \u00e0 le g\u00e9rer de mani\u00e8re durable. Dans le registre de l&rsquo;UNESCO, on peut lire\u00a0:<\/span><\/p>\n<p><span style=\"font-weight: 400;\">\u00ab\u00a0Cette r\u00e9gion promeut l&rsquo;agriculture durable et l&rsquo;\u00e9cotourisme tout en assurant une gouvernance participative afin de jeter les bases d&rsquo;une <\/span><b>coexistence harmonieuse<\/b><span style=\"font-weight: 400;\"> entre les activit\u00e9s \u00e9conomiques humaines et la conservation de l&rsquo;environnement\u00a0\u00bb.<\/span><\/p>\n<p><img loading=\"lazy\" decoding=\"async\" class=\"alignnone size-large wp-image-14903\" src=\"https:\/\/blog.termetritone.it\/wp-content\/uploads\/2024\/08\/Colli-Euganei-Unesco_2-1024x576.jpg\" alt=\"\" width=\"800\" height=\"450\" srcset=\"https:\/\/blog.termetritone.it\/wp-content\/uploads\/2024\/08\/Colli-Euganei-Unesco_2-1024x576.jpg 1024w, https:\/\/blog.termetritone.it\/wp-content\/uploads\/2024\/08\/Colli-Euganei-Unesco_2-300x169.jpg 300w, https:\/\/blog.termetritone.it\/wp-content\/uploads\/2024\/08\/Colli-Euganei-Unesco_2-768x432.jpg 768w, https:\/\/blog.termetritone.it\/wp-content\/uploads\/2024\/08\/Colli-Euganei-Unesco_2-1536x864.jpg 1536w, https:\/\/blog.termetritone.it\/wp-content\/uploads\/2024\/08\/Colli-Euganei-Unesco_2-570x321.jpg 570w, https:\/\/blog.termetritone.it\/wp-content\/uploads\/2024\/08\/Colli-Euganei-Unesco_2.jpg 1920w\" sizes=\"auto, (max-width: 800px) 100vw, 800px\" \/><\/p>\n<p>&nbsp;<\/p>\n<p><b>LA BONT\u00c9 AUTHENTIQUE DES PRODUITS DES COLLINES EUGAN\u00c9ENNES \u00c0 L&rsquo;H\u00d4TEL TRITONE<\/b><\/p>\n<p><span style=\"font-weight: 400;\">Cette \u00ab\u00a0coexistence harmonieuse\u00a0\u00bb entre l&rsquo;homme et l&rsquo;environnement a toujours \u00e9t\u00e9 le moteur des collaborations qui existent entre l&rsquo;h\u00f4tel Tritone et un certain nombre de r\u00e9alit\u00e9s des Collines Eugan\u00e9ennes qui partagent l&rsquo;amour de ce fabuleux environnement. C&rsquo;est pourquoi la cave de notre h\u00f4tel contient des <\/span><b>vins de diff\u00e9rents producteurs des Collines Eugan\u00e9ennes<\/b><span style=\"font-weight: 400;\">, des \u00e9tiquettes que les sommeliers <\/span><a href=\"https:\/\/blog.termetritone.it\/fr\/vie-hoteliere\/conversation-avec-notre-equipe-apprenons-a-connaitre-mirco-notre-sommelier\/\" target=\"_blank\" rel=\"noopener\"><span style=\"font-weight: 400;\">Mirco<\/span><\/a><span style=\"font-weight: 400;\"> et <\/span><a href=\"https:\/\/blog.termetritone.it\/fr\/vie-hoteliere\/conversation-avec-notre-equipe-voici-paolo-notre-second-sommelier\/\" target=\"_blank\" rel=\"noopener\"><span style=\"font-weight: 400;\">Paolo<\/span><\/a><span style=\"font-weight: 400;\"> connaissent tr\u00e8s bien et dont nous vous avons parl\u00e9 dans l&rsquo;article consacr\u00e9 au <\/span><a href=\"https:\/\/blog.termetritone.it\/fr\/territoire\/le-terroir-des-monts-euganeens\/\" target=\"_blank\" rel=\"noopener\"><span style=\"font-weight: 400;\">terroir des Collines Eugan\u00e9ennes<\/span><\/a><span style=\"font-weight: 400;\">.\u00a0<\/span><\/p>\n<p><span style=\"font-weight: 400;\">En outre, deux autres excellents produits locaux peuvent \u00eatre appr\u00e9ci\u00e9s par tous les h\u00f4tes\u00a0: <\/span><a href=\"https:\/\/blog.termetritone.it\/fr\/territoire\/le-gout-authentique-de-lhuile-des-monts-euganeens-pour-les-clients-de-lhotel-tritone\/\" target=\"_blank\" rel=\"noopener\"><b>l&rsquo;huile d&rsquo;olive du Frantoio di Cornoleda<\/b><\/a><span style=\"font-weight: 400;\"> et <\/span><b>le rayon de miel de l&rsquo;Apicoltura Giarin<\/b><span style=\"font-weight: 400;\">.<\/span><\/p>\n<p><img loading=\"lazy\" decoding=\"async\" class=\"alignnone size-large wp-image-15049\" src=\"https:\/\/blog.termetritone.it\/wp-content\/uploads\/2024\/08\/interna-2_FR-1024x576.jpg\" alt=\"\" width=\"800\" height=\"450\" srcset=\"https:\/\/blog.termetritone.it\/wp-content\/uploads\/2024\/08\/interna-2_FR-1024x576.jpg 1024w, https:\/\/blog.termetritone.it\/wp-content\/uploads\/2024\/08\/interna-2_FR-300x169.jpg 300w, https:\/\/blog.termetritone.it\/wp-content\/uploads\/2024\/08\/interna-2_FR-768x432.jpg 768w, https:\/\/blog.termetritone.it\/wp-content\/uploads\/2024\/08\/interna-2_FR-1536x864.jpg 1536w, https:\/\/blog.termetritone.it\/wp-content\/uploads\/2024\/08\/interna-2_FR-570x321.jpg 570w, https:\/\/blog.termetritone.it\/wp-content\/uploads\/2024\/08\/interna-2_FR.jpg 1920w\" sizes=\"auto, (max-width: 800px) 100vw, 800px\" \/><\/p>\n<p>&nbsp;<\/p>\n<p><b>VISITE DES COLLINES EUGAN\u00c9ENNES DEPUIS L&rsquo;H\u00d4TEL TRITONE<\/b><\/p>\n<p><span style=\"font-weight: 400;\">Les Collines Eugan\u00e9ennes sont la destination id\u00e9ale \u00e0 explorer en une journ\u00e9e si vous souhaitez passer quelques heures dans la nature, d\u00e9couvrir les villages nich\u00e9s dans les collines et les produits locaux sp\u00e9ciaux. Vous pouvez vous y rendre en voiture, \u00e0 pied ou \u00e0 v\u00e9lo, en partant directement de l&rsquo;h\u00f4tel Tritone. Dans tous les cas, les h\u00f4tes peuvent demander au personnel de la r\u00e9ception toutes les indications utiles pour la <\/span><b>visite<\/b><span style=\"font-weight: 400;\"> de ce lieu extraordinaire, d\u00e9sormais \u00e9galement reconnu par l&rsquo;Unesco.<\/span><\/p>\n<p>&nbsp;<\/p>\n<p><i><span style=\"font-weight: 400;\">Pour r\u00e9server votre prochain s\u00e9jour \u00e0 l&rsquo;H\u00f4tel Tritone, vous pouvez nous \u00e9crire<\/span><\/i> <a href=\"https:\/\/www.termetritone.it\/fr\/demande.aspx\" target=\"_blank\" rel=\"noopener\"><i><span style=\"font-weight: 400;\">ici<\/span><\/i><\/a><i><span style=\"font-weight: 400;\"> ou contacter le (+39) 049 8668099.<\/span><\/i><\/p>\n","protected":false},"excerpt":{"rendered":"<p>Quel est le rapport entre les Collines Eugan\u00e9ennes et les paysages africains du fleuve Gambie, les plaines verdoyantes des Philippines et les sommets de la fronti\u00e8re occidentale des Pyr\u00e9n\u00e9es catalanes\u00a0? Elles font toutes partie de la liste des 11 nouvelles r\u00e9serves mondiales de biodiversit\u00e9, approuv\u00e9es par l&rsquo;Unesco d\u00e9but juillet 2024. Les Collines Eugan\u00e9ennes ont franchi&hellip;<\/p>\n","protected":false},"author":2,"featured_media":15053,"comment_status":"closed","ping_status":"closed","sticky":false,"template":"","format":"standard","meta":{"_acf_changed":false,"footnotes":""},"categories":[70,24],"tags":[],"class_list":["post-14861","post","type-post","status-publish","format-standard","has-post-thumbnail","hentry","category-abano-et-collines","category-territoire"],"acf":[],"yoast_head":"<!-- This site is optimized with the Yoast SEO plugin v27.2 - https:\/\/yoast.com\/product\/yoast-seo-wordpress\/ -->\n<title>Le patrimoine exceptionnel des Collines Eugan\u00e9ennes est reconnu par l&#039;Unesco - Blog Hotel Tritone Terme<\/title>\n<meta name=\"description\" content=\"Quel est le rapport entre les Collines Eugan\u00e9ennes et les paysages africains du fleuve Gambie, les plaines verdoyantes des Philippines et les sommets de\" \/>\n<meta name=\"robots\" content=\"index, follow, max-snippet:-1, max-image-preview:large, max-video-preview:-1\" \/>\n<link rel=\"canonical\" href=\"https:\/\/blog.termetritone.it\/fr\/territoire\/le-patrimoine-exceptionnel-des-collines-euganeennes-est-reconnu-par-lunesco\/\" \/>\n<meta property=\"og:locale\" content=\"fr_FR\" \/>\n<meta property=\"og:type\" content=\"article\" \/>\n<meta property=\"og:title\" content=\"Le patrimoine exceptionnel des Collines Eugan\u00e9ennes est reconnu par l&#039;Unesco - Blog Hotel Tritone Terme\" \/>\n<meta property=\"og:description\" content=\"Quel est le rapport entre les Collines Eugan\u00e9ennes et les paysages africains du fleuve Gambie, les plaines verdoyantes des Philippines et les sommets de\" \/>\n<meta property=\"og:url\" content=\"https:\/\/blog.termetritone.it\/fr\/territoire\/le-patrimoine-exceptionnel-des-collines-euganeennes-est-reconnu-par-lunesco\/\" \/>\n<meta property=\"og:site_name\" content=\"Blog Hotel Tritone Terme\" \/>\n<meta property=\"article:publisher\" content=\"https:\/\/www.facebook.com\/HotelTritoneTerme\/\" \/>\n<meta property=\"article:published_time\" content=\"2024-08-26T13:30:11+00:00\" \/>\n<meta property=\"og:image\" content=\"https:\/\/blog.termetritone.it\/wp-content\/uploads\/2024\/08\/copertina-2_FR.jpg\" \/>\n\t<meta property=\"og:image:width\" content=\"1920\" \/>\n\t<meta property=\"og:image:height\" content=\"1080\" \/>\n\t<meta property=\"og:image:type\" content=\"image\/jpeg\" \/>\n<meta name=\"author\" content=\"Luca Bassanello\" \/>\n<meta name=\"twitter:card\" content=\"summary_large_image\" \/>\n<meta name=\"twitter:creator\" content=\"@TermeTritone\" \/>\n<meta name=\"twitter:site\" content=\"@TermeTritone\" \/>\n<meta name=\"twitter:label1\" content=\"\u00c9crit par\" \/>\n\t<meta name=\"twitter:data1\" content=\"Luca Bassanello\" \/>\n\t<meta name=\"twitter:label2\" content=\"Dur\u00e9e de lecture estim\u00e9e\" \/>\n\t<meta name=\"twitter:data2\" content=\"3 minutes\" \/>\n<!-- \/ Yoast SEO plugin. -->","yoast_head_json":{"title":"Le patrimoine exceptionnel des Collines Eugan\u00e9ennes est reconnu par l'Unesco - Blog Hotel Tritone Terme","description":"Quel est le rapport entre les Collines Eugan\u00e9ennes et les paysages africains du fleuve Gambie, les plaines verdoyantes des Philippines et les sommets de","robots":{"index":"index","follow":"follow","max-snippet":"max-snippet:-1","max-image-preview":"max-image-preview:large","max-video-preview":"max-video-preview:-1"},"canonical":"https:\/\/blog.termetritone.it\/fr\/territoire\/le-patrimoine-exceptionnel-des-collines-euganeennes-est-reconnu-par-lunesco\/","og_locale":"fr_FR","og_type":"article","og_title":"Le patrimoine exceptionnel des Collines Eugan\u00e9ennes est reconnu par l'Unesco - Blog Hotel Tritone Terme","og_description":"Quel est le rapport entre les Collines Eugan\u00e9ennes et les paysages africains du fleuve Gambie, les plaines verdoyantes des Philippines et les sommets de","og_url":"https:\/\/blog.termetritone.it\/fr\/territoire\/le-patrimoine-exceptionnel-des-collines-euganeennes-est-reconnu-par-lunesco\/","og_site_name":"Blog Hotel Tritone Terme","article_publisher":"https:\/\/www.facebook.com\/HotelTritoneTerme\/","article_published_time":"2024-08-26T13:30:11+00:00","og_image":[{"width":1920,"height":1080,"url":"https:\/\/blog.termetritone.it\/wp-content\/uploads\/2024\/08\/copertina-2_FR.jpg","type":"image\/jpeg"}],"author":"Luca Bassanello","twitter_card":"summary_large_image","twitter_creator":"@TermeTritone","twitter_site":"@TermeTritone","twitter_misc":{"\u00c9crit par":"Luca Bassanello","Dur\u00e9e de lecture estim\u00e9e":"3 minutes"},"schema":{"@context":"https:\/\/schema.org","@graph":[{"@type":"Article","@id":"https:\/\/blog.termetritone.it\/fr\/territoire\/le-patrimoine-exceptionnel-des-collines-euganeennes-est-reconnu-par-lunesco\/#article","isPartOf":{"@id":"https:\/\/blog.termetritone.it\/fr\/territoire\/le-patrimoine-exceptionnel-des-collines-euganeennes-est-reconnu-par-lunesco\/"},"author":{"name":"Luca Bassanello","@id":"https:\/\/blog.termetritone.it\/#\/schema\/person\/414da071f6d70bca9d0d8ceff19c5315"},"headline":"Le patrimoine exceptionnel des Collines Eugan\u00e9ennes est reconnu par l&rsquo;Unesco","datePublished":"2024-08-26T13:30:11+00:00","mainEntityOfPage":{"@id":"https:\/\/blog.termetritone.it\/fr\/territoire\/le-patrimoine-exceptionnel-des-collines-euganeennes-est-reconnu-par-lunesco\/"},"wordCount":480,"publisher":{"@id":"https:\/\/blog.termetritone.it\/#organization"},"image":{"@id":"https:\/\/blog.termetritone.it\/fr\/territoire\/le-patrimoine-exceptionnel-des-collines-euganeennes-est-reconnu-par-lunesco\/#primaryimage"},"thumbnailUrl":"https:\/\/blog.termetritone.it\/wp-content\/uploads\/2024\/08\/copertina-2_FR.jpg","articleSection":["Abano et Collines","Territoire"],"inLanguage":"fr-FR"},{"@type":"WebPage","@id":"https:\/\/blog.termetritone.it\/fr\/territoire\/le-patrimoine-exceptionnel-des-collines-euganeennes-est-reconnu-par-lunesco\/","url":"https:\/\/blog.termetritone.it\/fr\/territoire\/le-patrimoine-exceptionnel-des-collines-euganeennes-est-reconnu-par-lunesco\/","name":"Le patrimoine exceptionnel des Collines Eugan\u00e9ennes est reconnu par l'Unesco - Blog Hotel Tritone Terme","isPartOf":{"@id":"https:\/\/blog.termetritone.it\/#website"},"primaryImageOfPage":{"@id":"https:\/\/blog.termetritone.it\/fr\/territoire\/le-patrimoine-exceptionnel-des-collines-euganeennes-est-reconnu-par-lunesco\/#primaryimage"},"image":{"@id":"https:\/\/blog.termetritone.it\/fr\/territoire\/le-patrimoine-exceptionnel-des-collines-euganeennes-est-reconnu-par-lunesco\/#primaryimage"},"thumbnailUrl":"https:\/\/blog.termetritone.it\/wp-content\/uploads\/2024\/08\/copertina-2_FR.jpg","datePublished":"2024-08-26T13:30:11+00:00","description":"Quel est le rapport entre les Collines Eugan\u00e9ennes et les paysages africains du fleuve Gambie, les plaines verdoyantes des Philippines et les sommets de","breadcrumb":{"@id":"https:\/\/blog.termetritone.it\/fr\/territoire\/le-patrimoine-exceptionnel-des-collines-euganeennes-est-reconnu-par-lunesco\/#breadcrumb"},"inLanguage":"fr-FR","potentialAction":[{"@type":"ReadAction","target":["https:\/\/blog.termetritone.it\/fr\/territoire\/le-patrimoine-exceptionnel-des-collines-euganeennes-est-reconnu-par-lunesco\/"]}]},{"@type":"ImageObject","inLanguage":"fr-FR","@id":"https:\/\/blog.termetritone.it\/fr\/territoire\/le-patrimoine-exceptionnel-des-collines-euganeennes-est-reconnu-par-lunesco\/#primaryimage","url":"https:\/\/blog.termetritone.it\/wp-content\/uploads\/2024\/08\/copertina-2_FR.jpg","contentUrl":"https:\/\/blog.termetritone.it\/wp-content\/uploads\/2024\/08\/copertina-2_FR.jpg","width":1920,"height":1080},{"@type":"BreadcrumbList","@id":"https:\/\/blog.termetritone.it\/fr\/territoire\/le-patrimoine-exceptionnel-des-collines-euganeennes-est-reconnu-par-lunesco\/#breadcrumb","itemListElement":[{"@type":"ListItem","position":1,"name":"Home","item":"https:\/\/blog.termetritone.it\/fr\/"},{"@type":"ListItem","position":2,"name":"Le patrimoine exceptionnel des Collines Eugan\u00e9ennes est reconnu par l&#8217;Unesco"}]},{"@type":"WebSite","@id":"https:\/\/blog.termetritone.it\/#website","url":"https:\/\/blog.termetritone.it\/","name":"Blog Hotel Tritone Terme","description":"Eleganza e relax senza compromessi","publisher":{"@id":"https:\/\/blog.termetritone.it\/#organization"},"potentialAction":[{"@type":"SearchAction","target":{"@type":"EntryPoint","urlTemplate":"https:\/\/blog.termetritone.it\/?s={search_term_string}"},"query-input":{"@type":"PropertyValueSpecification","valueRequired":true,"valueName":"search_term_string"}}],"inLanguage":"fr-FR"},{"@type":"Organization","@id":"https:\/\/blog.termetritone.it\/#organization","name":"Hotel Tritone Terme - Sethi srl","url":"https:\/\/blog.termetritone.it\/","logo":{"@type":"ImageObject","inLanguage":"fr-FR","@id":"https:\/\/blog.termetritone.it\/#\/schema\/logo\/image\/","url":"https:\/\/blog.termetritone.it\/wp-content\/uploads\/2018\/10\/logo-tritone-small.png","contentUrl":"https:\/\/blog.termetritone.it\/wp-content\/uploads\/2018\/10\/logo-tritone-small.png","width":249,"height":80,"caption":"Hotel Tritone Terme - Sethi srl"},"image":{"@id":"https:\/\/blog.termetritone.it\/#\/schema\/logo\/image\/"},"sameAs":["https:\/\/www.facebook.com\/HotelTritoneTerme\/","https:\/\/x.com\/TermeTritone","https:\/\/www.youtube.com\/channel\/UCBtuO3rJaSxzX_OkEw3niJg"]},{"@type":"Person","@id":"https:\/\/blog.termetritone.it\/#\/schema\/person\/414da071f6d70bca9d0d8ceff19c5315","name":"Luca Bassanello","image":{"@type":"ImageObject","inLanguage":"fr-FR","@id":"https:\/\/secure.gravatar.com\/avatar\/b6919a8f9a19eed40188a61dc7b9e0e067487c173e5e5cecfb267cedf5a141d9?s=96&d=mm&r=g","url":"https:\/\/secure.gravatar.com\/avatar\/b6919a8f9a19eed40188a61dc7b9e0e067487c173e5e5cecfb267cedf5a141d9?s=96&d=mm&r=g","contentUrl":"https:\/\/secure.gravatar.com\/avatar\/b6919a8f9a19eed40188a61dc7b9e0e067487c173e5e5cecfb267cedf5a141d9?s=96&d=mm&r=g","caption":"Luca Bassanello"},"url":"https:\/\/blog.termetritone.it\/fr\/author\/luca\/"}]}},"_links":{"self":[{"href":"https:\/\/blog.termetritone.it\/fr\/wp-json\/wp\/v2\/posts\/14861","targetHints":{"allow":["GET"]}}],"collection":[{"href":"https:\/\/blog.termetritone.it\/fr\/wp-json\/wp\/v2\/posts"}],"about":[{"href":"https:\/\/blog.termetritone.it\/fr\/wp-json\/wp\/v2\/types\/post"}],"author":[{"embeddable":true,"href":"https:\/\/blog.termetritone.it\/fr\/wp-json\/wp\/v2\/users\/2"}],"replies":[{"embeddable":true,"href":"https:\/\/blog.termetritone.it\/fr\/wp-json\/wp\/v2\/comments?post=14861"}],"version-history":[{"count":2,"href":"https:\/\/blog.termetritone.it\/fr\/wp-json\/wp\/v2\/posts\/14861\/revisions"}],"predecessor-version":[{"id":15057,"href":"https:\/\/blog.termetritone.it\/fr\/wp-json\/wp\/v2\/posts\/14861\/revisions\/15057"}],"wp:featuredmedia":[{"embeddable":true,"href":"https:\/\/blog.termetritone.it\/fr\/wp-json\/wp\/v2\/media\/15053"}],"wp:attachment":[{"href":"https:\/\/blog.termetritone.it\/fr\/wp-json\/wp\/v2\/media?parent=14861"}],"wp:term":[{"taxonomy":"category","embeddable":true,"href":"https:\/\/blog.termetritone.it\/fr\/wp-json\/wp\/v2\/categories?post=14861"},{"taxonomy":"post_tag","embeddable":true,"href":"https:\/\/blog.termetritone.it\/fr\/wp-json\/wp\/v2\/tags?post=14861"}],"curies":[{"name":"wp","href":"https:\/\/api.w.org\/{rel}","templated":true}]}}