{"id":1613,"date":"2019-01-18T10:00:29","date_gmt":"2019-01-18T09:00:29","guid":{"rendered":"https:\/\/blog.termetritone.it\/?p=1613"},"modified":"2019-01-24T14:19:47","modified_gmt":"2019-01-24T13:19:47","slug":"les-thermes-en-hiver-une-soiree-dans-le-salon-a-la-cheminee-de-lhotel-tritone","status":"publish","type":"post","link":"https:\/\/blog.termetritone.it\/fr\/vie-hoteliere\/les-thermes-en-hiver-une-soiree-dans-le-salon-a-la-cheminee-de-lhotel-tritone\/","title":{"rendered":"Les thermes en hiver : une soir\u00e9e dans le Salon \u00e0 la Chemin\u00e9e de l\u2019H\u00f4tel Tritone"},"content":{"rendered":"<p>La promesse d\u2019une hospitalit\u00e9 <em>s\u00e9lecte<\/em> et discr\u00e8te qui nous caract\u00e9rise depuis toujours repose sur l\u2019ambiance raffin\u00e9e et soign\u00e9e que nous proposons, jusque dans les moindres d\u00e9tails, afin d\u2019offrir \u00e0 nos h\u00f4tes un <strong>s\u00e9jour de r\u00eave<\/strong>, pour que vous soyez lib\u00e9r\u00e9 de tout souci et que vous passiez des moments magiques dans la d\u00e9tente la plus compl\u00e8te.<\/p>\n<p>Pour cette raison, notre accueil ne se limite pas \u00e0 la disponibilit\u00e9 incomparable des cures thermales et des massoth\u00e9rapies\u00a0: vous d\u00e9couvrirez que s\u00e9journer \u00e0 l\u2019H\u00f4tel Tritone signifie <strong>profiter d\u2019un ensemble d\u2019espaces \u00e9l\u00e9gants, de d\u00e9tails pr\u00e9cieux et d\u2019exp\u00e9riences uniques et inoubliables<\/strong>.<\/p>\n<p>L\u2019une des zones les plus appr\u00e9ci\u00e9es de nos h\u00f4tes est le <strong>Salon \u00e0 la Chemin\u00e9e<\/strong>, qui devient encore plus accueillant et suggestif pendant cette p\u00e9riode hivernale.<\/p>\n<p>&nbsp;<\/p>\n<p><em>Vous aimeriez d\u00e9couvrir tous les recoins de r\u00eaves de l\u2019H\u00f4tel Tritone\u00a0? Pour recevoir des informations,\u00a0<a href=\"https:\/\/www.termetritone.it\/fr\/default.aspx#anchor_contact\" target=\"_blank\" rel=\"noopener\"><strong>\u00e9crivez-nous ici<\/strong><\/a>\u00a0ou appelez au num\u00e9ro\u00a0<strong>(+39)\u00a0049 8668099<\/strong>.<\/em><\/p>\n<p>&nbsp;<\/p>\n<h3>Une ambiance <em>s\u00e9lecte<\/em> pour vivre la magie de l\u2019hiver aux thermes<\/h3>\n<p>Rien de plus relaxant que de profiter de <strong>la chaleur des thermes<\/strong> tandis que souffle dehors un vent glacial d\u2019hiver. Et lorsqu\u2019arrive la nuit, apr\u00e8s <a href=\"https:\/\/blog.termetritone.it\/fr\/gastronomie\/mardi-aux-chandelles-le-diner-de-gala-de-notre-restaurant\/\" target=\"_blank\" rel=\"noopener\">un d\u00e9licieux d\u00eener dans notre restaurant<\/a>, qui n\u2019a pas envie de se blottir face au feu cr\u00e9pitant de la chemin\u00e9e\u00a0?<\/p>\n<p>Les rudes journ\u00e9es d\u2019hiver sont <strong>le meilleur moment<\/strong> pour se d\u00e9tendre dans le Salon \u00e0 la Chemin\u00e9e de l\u2019H\u00f4tel Tritone. Le feu est allum\u00e9 d\u00e8s le <strong>d\u00e9but de l\u2019apr\u00e8s-midi<\/strong>, pour que vous d\u00e9gustiez apr\u00e8s le d\u00e9jeuner un caf\u00e9 ou une liqueur dans une atmosph\u00e8re paisible, sur le moelleux canap\u00e9 capitonn\u00e9.<\/p>\n<p><img loading=\"lazy\" decoding=\"async\" class=\"alignnone wp-image-1422 size-full\" src=\"https:\/\/blog.termetritone.it\/wp-content\/uploads\/2019\/01\/camino-giorno.jpg\" alt=\"\" width=\"1920\" height=\"1280\" srcset=\"https:\/\/blog.termetritone.it\/wp-content\/uploads\/2019\/01\/camino-giorno.jpg 1920w, https:\/\/blog.termetritone.it\/wp-content\/uploads\/2019\/01\/camino-giorno-300x200.jpg 300w, https:\/\/blog.termetritone.it\/wp-content\/uploads\/2019\/01\/camino-giorno-768x512.jpg 768w, https:\/\/blog.termetritone.it\/wp-content\/uploads\/2019\/01\/camino-giorno-1024x683.jpg 1024w, https:\/\/blog.termetritone.it\/wp-content\/uploads\/2019\/01\/camino-giorno-570x380.jpg 570w\" sizes=\"auto, (max-width: 1920px) 100vw, 1920px\" \/><\/p>\n<p>Aux 4\u00a0tables, vous pourrez <strong>prendre part \u00e0 d\u2019agr\u00e9ables parties de cartes<\/strong> (nous mettons \u00e0 votre disposition des jeux de rami, de briscola et des \u00e9chiquiers), ou simplement profiter de l\u2019ambiance pour <strong>lire un bon livre<\/strong> avec en bruit de fond le bois qui s\u2019embrase.<\/p>\n<p>Dans le Salon \u00e0 la Chemin\u00e9e, que nous n\u2019appelons pas par hasard \u00e9galement Salle de Jeux et de Lecture, il n\u2019y a pas de t\u00e9l\u00e9vision, pr\u00e9cis\u00e9ment pour garantir \u00e0 nos h\u00f4tes un refuge o\u00f9 se d\u00e9tendre et passer des moments paisibles et de relaxation compl\u00e8te.<\/p>\n<p>&nbsp;<\/p>\n<h3>Un verre dans le Salon \u00e0 la Chemin\u00e9e pour conclure une parfaite journ\u00e9e de vacances<\/h3>\n<p>Le Salon \u00e0 la Chemin\u00e9e est adjacent \u00e0 la Salle de Bal o\u00f9 ont lieu chaque soir des \u00e9v\u00e9nements et spectacles. C\u2019est \u00e9galement l\u00e0 que se trouve le distingu\u00e9 <strong>Walter\u2019s Bar<\/strong>, o\u00f9 notre Lady Barman Daiana Vreme propose chaque jour des cocktails et boissons modernes et chics. Le <strong>choix<\/strong> et la <strong>qualit\u00e9<\/strong> sont de mise sur la <strong>carte du bar<\/strong>, avec une vaste s\u00e9lection d\u2019ap\u00e9ritifs, de vins au verre, de whiskies, de cognacs et autres spiritueux, ainsi que des th\u00e9s et tisanes aux saveurs les plus vari\u00e9es et originales.<\/p>\n<p><img loading=\"lazy\" decoding=\"async\" class=\"alignnone wp-image-1556 size-full\" src=\"https:\/\/blog.termetritone.it\/wp-content\/uploads\/2019\/01\/perfect-fra.jpg\" alt=\"\" width=\"1920\" height=\"1080\" srcset=\"https:\/\/blog.termetritone.it\/wp-content\/uploads\/2019\/01\/perfect-fra.jpg 1920w, https:\/\/blog.termetritone.it\/wp-content\/uploads\/2019\/01\/perfect-fra-300x169.jpg 300w, https:\/\/blog.termetritone.it\/wp-content\/uploads\/2019\/01\/perfect-fra-768x432.jpg 768w, https:\/\/blog.termetritone.it\/wp-content\/uploads\/2019\/01\/perfect-fra-1024x576.jpg 1024w, https:\/\/blog.termetritone.it\/wp-content\/uploads\/2019\/01\/perfect-fra-570x321.jpg 570w\" sizes=\"auto, (max-width: 1920px) 100vw, 1920px\" \/><\/p>\n<p>Siroter l\u2019une de nos fabuleuses boissons ou un excellent distillat blotti \u00e0 proximit\u00e9 du feu cr\u00e9pitant dans notre Salon \u00e0 la Chemin\u00e9e est <strong>la conclusion qui s\u2019impose pour une journ\u00e9e de vacances de r\u00eave<\/strong>, o\u00f9 vous aurez pris soin de votre corps, plong\u00e9 dans le monde paradisiaque des thermes.<\/p>\n<p>&nbsp;<\/p>\n<p>Vous souhaiteriez conna\u00eetre la magie d\u2019une soir\u00e9e dans le Salon \u00e0 la Chemin\u00e9e au cours d\u2019un s\u00e9jour de r\u00eave \u00e0 l\u2019H\u00f4tel Tritone\u00a0? Pour recevoir des informations,\u00a0<strong><a href=\"https:\/\/www.termetritone.it\/fr\/default.aspx#anchor_contact\" target=\"_blank\" rel=\"noopener\">\u00e9crivez-nous ici<\/a><\/strong>\u00a0ou appelez au num\u00e9ro\u00a0<strong>(+39)\u00a0049 8668099<\/strong>.<\/p>\n","protected":false},"excerpt":{"rendered":"<p>La promesse d\u2019une hospitalit\u00e9 s\u00e9lecte et discr\u00e8te qui nous caract\u00e9rise depuis toujours repose sur l\u2019ambiance raffin\u00e9e et soign\u00e9e que nous proposons, jusque dans les moindres d\u00e9tails, afin d\u2019offrir \u00e0 nos h\u00f4tes un s\u00e9jour de r\u00eave, pour que vous soyez lib\u00e9r\u00e9 de tout souci et que vous passiez des moments magiques dans la d\u00e9tente la plus&hellip;<\/p>\n","protected":false},"author":2,"featured_media":1524,"comment_status":"closed","ping_status":"closed","sticky":false,"template":"","format":"standard","meta":{"_acf_changed":false,"footnotes":""},"categories":[39],"tags":[],"class_list":["post-1613","post","type-post","status-publish","format-standard","has-post-thumbnail","hentry","category-vie-hoteliere"],"acf":[],"yoast_head":"<!-- This site is optimized with the Yoast SEO plugin v27.2 - https:\/\/yoast.com\/product\/yoast-seo-wordpress\/ -->\n<title>Les thermes en hiver : une soir\u00e9e dans le Salon \u00e0 la Chemin\u00e9e de l\u2019H\u00f4tel Tritone - Blog Hotel Tritone Terme<\/title>\n<meta name=\"description\" content=\"La promesse d\u2019une hospitalit\u00e9 s\u00e9lecte et discr\u00e8te qui nous caract\u00e9rise depuis toujours repose sur l\u2019ambiance raffin\u00e9e et soign\u00e9e que nous proposons,\" \/>\n<meta name=\"robots\" content=\"index, follow, max-snippet:-1, max-image-preview:large, max-video-preview:-1\" \/>\n<link rel=\"canonical\" href=\"https:\/\/blog.termetritone.it\/vita-in-hotel\/le-terme-in-inverno-una-sera-nella-sala-del-camino\/\" \/>\n<meta property=\"og:locale\" content=\"fr_FR\" \/>\n<meta property=\"og:type\" content=\"article\" \/>\n<meta property=\"og:title\" content=\"Les thermes en hiver : une soir\u00e9e dans le Salon \u00e0 la Chemin\u00e9e de l\u2019H\u00f4tel Tritone - Blog Hotel Tritone Terme\" \/>\n<meta property=\"og:description\" content=\"La promesse d\u2019une hospitalit\u00e9 s\u00e9lecte et discr\u00e8te qui nous caract\u00e9rise depuis toujours repose sur l\u2019ambiance raffin\u00e9e et soign\u00e9e que nous proposons,\" \/>\n<meta property=\"og:url\" content=\"https:\/\/blog.termetritone.it\/vita-in-hotel\/le-terme-in-inverno-una-sera-nella-sala-del-camino\/\" \/>\n<meta property=\"og:site_name\" content=\"Blog Hotel Tritone Terme\" \/>\n<meta property=\"article:publisher\" content=\"https:\/\/www.facebook.com\/HotelTritoneTerme\/\" \/>\n<meta property=\"article:published_time\" content=\"2019-01-18T09:00:29+00:00\" \/>\n<meta property=\"article:modified_time\" content=\"2019-01-24T13:19:47+00:00\" \/>\n<meta property=\"og:image\" content=\"https:\/\/blog.termetritone.it\/wp-content\/uploads\/2019\/01\/fireplace-fra.jpg\" \/>\n\t<meta property=\"og:image:width\" content=\"1920\" \/>\n\t<meta property=\"og:image:height\" content=\"1080\" \/>\n\t<meta property=\"og:image:type\" content=\"image\/jpeg\" \/>\n<meta name=\"author\" content=\"Luca Bassanello\" \/>\n<meta name=\"twitter:card\" content=\"summary_large_image\" \/>\n<meta name=\"twitter:creator\" content=\"@TermeTritone\" \/>\n<meta name=\"twitter:site\" content=\"@TermeTritone\" \/>\n<meta name=\"twitter:label1\" content=\"\u00c9crit par\" \/>\n\t<meta name=\"twitter:data1\" content=\"Luca Bassanello\" \/>\n\t<meta name=\"twitter:label2\" content=\"Dur\u00e9e de lecture estim\u00e9e\" \/>\n\t<meta name=\"twitter:data2\" content=\"3 minutes\" \/>\n<!-- \/ Yoast SEO plugin. -->","yoast_head_json":{"title":"Les thermes en hiver : une soir\u00e9e dans le Salon \u00e0 la Chemin\u00e9e de l\u2019H\u00f4tel Tritone - Blog Hotel Tritone Terme","description":"La promesse d\u2019une hospitalit\u00e9 s\u00e9lecte et discr\u00e8te qui nous caract\u00e9rise depuis toujours repose sur l\u2019ambiance raffin\u00e9e et soign\u00e9e que nous proposons,","robots":{"index":"index","follow":"follow","max-snippet":"max-snippet:-1","max-image-preview":"max-image-preview:large","max-video-preview":"max-video-preview:-1"},"canonical":"https:\/\/blog.termetritone.it\/vita-in-hotel\/le-terme-in-inverno-una-sera-nella-sala-del-camino\/","og_locale":"fr_FR","og_type":"article","og_title":"Les thermes en hiver : une soir\u00e9e dans le Salon \u00e0 la Chemin\u00e9e de l\u2019H\u00f4tel Tritone - Blog Hotel Tritone Terme","og_description":"La promesse d\u2019une hospitalit\u00e9 s\u00e9lecte et discr\u00e8te qui nous caract\u00e9rise depuis toujours repose sur l\u2019ambiance raffin\u00e9e et soign\u00e9e que nous proposons,","og_url":"https:\/\/blog.termetritone.it\/vita-in-hotel\/le-terme-in-inverno-una-sera-nella-sala-del-camino\/","og_site_name":"Blog Hotel Tritone Terme","article_publisher":"https:\/\/www.facebook.com\/HotelTritoneTerme\/","article_published_time":"2019-01-18T09:00:29+00:00","article_modified_time":"2019-01-24T13:19:47+00:00","og_image":[{"width":1920,"height":1080,"url":"https:\/\/blog.termetritone.it\/wp-content\/uploads\/2019\/01\/fireplace-fra.jpg","type":"image\/jpeg"}],"author":"Luca Bassanello","twitter_card":"summary_large_image","twitter_creator":"@TermeTritone","twitter_site":"@TermeTritone","twitter_misc":{"\u00c9crit par":"Luca Bassanello","Dur\u00e9e de lecture estim\u00e9e":"3 minutes"},"schema":{"@context":"https:\/\/schema.org","@graph":[{"@type":"Article","@id":"https:\/\/blog.termetritone.it\/vita-in-hotel\/le-terme-in-inverno-una-sera-nella-sala-del-camino\/#article","isPartOf":{"@id":"https:\/\/blog.termetritone.it\/vita-in-hotel\/le-terme-in-inverno-una-sera-nella-sala-del-camino\/"},"author":{"name":"Luca Bassanello","@id":"https:\/\/blog.termetritone.it\/#\/schema\/person\/414da071f6d70bca9d0d8ceff19c5315"},"headline":"Les thermes en hiver : une soir\u00e9e dans le Salon \u00e0 la Chemin\u00e9e de l\u2019H\u00f4tel Tritone","datePublished":"2019-01-18T09:00:29+00:00","dateModified":"2019-01-24T13:19:47+00:00","mainEntityOfPage":{"@id":"https:\/\/blog.termetritone.it\/vita-in-hotel\/le-terme-in-inverno-una-sera-nella-sala-del-camino\/"},"wordCount":632,"publisher":{"@id":"https:\/\/blog.termetritone.it\/#organization"},"image":{"@id":"https:\/\/blog.termetritone.it\/vita-in-hotel\/le-terme-in-inverno-una-sera-nella-sala-del-camino\/#primaryimage"},"thumbnailUrl":"https:\/\/blog.termetritone.it\/wp-content\/uploads\/2019\/01\/fireplace-fra.jpg","articleSection":["Vie h\u00f4teli\u00e8re"],"inLanguage":"fr-FR"},{"@type":"WebPage","@id":"https:\/\/blog.termetritone.it\/vita-in-hotel\/le-terme-in-inverno-una-sera-nella-sala-del-camino\/","url":"https:\/\/blog.termetritone.it\/vita-in-hotel\/le-terme-in-inverno-una-sera-nella-sala-del-camino\/","name":"Les thermes en hiver : une soir\u00e9e dans le Salon \u00e0 la Chemin\u00e9e de l\u2019H\u00f4tel Tritone - Blog Hotel Tritone Terme","isPartOf":{"@id":"https:\/\/blog.termetritone.it\/#website"},"primaryImageOfPage":{"@id":"https:\/\/blog.termetritone.it\/vita-in-hotel\/le-terme-in-inverno-una-sera-nella-sala-del-camino\/#primaryimage"},"image":{"@id":"https:\/\/blog.termetritone.it\/vita-in-hotel\/le-terme-in-inverno-una-sera-nella-sala-del-camino\/#primaryimage"},"thumbnailUrl":"https:\/\/blog.termetritone.it\/wp-content\/uploads\/2019\/01\/fireplace-fra.jpg","datePublished":"2019-01-18T09:00:29+00:00","dateModified":"2019-01-24T13:19:47+00:00","description":"La promesse d\u2019une hospitalit\u00e9 s\u00e9lecte et discr\u00e8te qui nous caract\u00e9rise depuis toujours repose sur l\u2019ambiance raffin\u00e9e et soign\u00e9e que nous proposons,","breadcrumb":{"@id":"https:\/\/blog.termetritone.it\/vita-in-hotel\/le-terme-in-inverno-una-sera-nella-sala-del-camino\/#breadcrumb"},"inLanguage":"fr-FR","potentialAction":[{"@type":"ReadAction","target":["https:\/\/blog.termetritone.it\/vita-in-hotel\/le-terme-in-inverno-una-sera-nella-sala-del-camino\/"]}]},{"@type":"ImageObject","inLanguage":"fr-FR","@id":"https:\/\/blog.termetritone.it\/vita-in-hotel\/le-terme-in-inverno-una-sera-nella-sala-del-camino\/#primaryimage","url":"https:\/\/blog.termetritone.it\/wp-content\/uploads\/2019\/01\/fireplace-fra.jpg","contentUrl":"https:\/\/blog.termetritone.it\/wp-content\/uploads\/2019\/01\/fireplace-fra.jpg","width":1920,"height":1080},{"@type":"BreadcrumbList","@id":"https:\/\/blog.termetritone.it\/vita-in-hotel\/le-terme-in-inverno-una-sera-nella-sala-del-camino\/#breadcrumb","itemListElement":[{"@type":"ListItem","position":1,"name":"Home","item":"https:\/\/blog.termetritone.it\/fr\/"},{"@type":"ListItem","position":2,"name":"Les thermes en hiver : une soir\u00e9e dans le Salon \u00e0 la Chemin\u00e9e de l\u2019H\u00f4tel Tritone"}]},{"@type":"WebSite","@id":"https:\/\/blog.termetritone.it\/#website","url":"https:\/\/blog.termetritone.it\/","name":"Blog Hotel Tritone Terme","description":"Eleganza e relax senza compromessi","publisher":{"@id":"https:\/\/blog.termetritone.it\/#organization"},"potentialAction":[{"@type":"SearchAction","target":{"@type":"EntryPoint","urlTemplate":"https:\/\/blog.termetritone.it\/?s={search_term_string}"},"query-input":{"@type":"PropertyValueSpecification","valueRequired":true,"valueName":"search_term_string"}}],"inLanguage":"fr-FR"},{"@type":"Organization","@id":"https:\/\/blog.termetritone.it\/#organization","name":"Hotel Tritone Terme - Sethi srl","url":"https:\/\/blog.termetritone.it\/","logo":{"@type":"ImageObject","inLanguage":"fr-FR","@id":"https:\/\/blog.termetritone.it\/#\/schema\/logo\/image\/","url":"https:\/\/blog.termetritone.it\/wp-content\/uploads\/2018\/10\/logo-tritone-small.png","contentUrl":"https:\/\/blog.termetritone.it\/wp-content\/uploads\/2018\/10\/logo-tritone-small.png","width":249,"height":80,"caption":"Hotel Tritone Terme - Sethi srl"},"image":{"@id":"https:\/\/blog.termetritone.it\/#\/schema\/logo\/image\/"},"sameAs":["https:\/\/www.facebook.com\/HotelTritoneTerme\/","https:\/\/x.com\/TermeTritone","https:\/\/www.youtube.com\/channel\/UCBtuO3rJaSxzX_OkEw3niJg"]},{"@type":"Person","@id":"https:\/\/blog.termetritone.it\/#\/schema\/person\/414da071f6d70bca9d0d8ceff19c5315","name":"Luca Bassanello","image":{"@type":"ImageObject","inLanguage":"fr-FR","@id":"https:\/\/secure.gravatar.com\/avatar\/b6919a8f9a19eed40188a61dc7b9e0e067487c173e5e5cecfb267cedf5a141d9?s=96&d=mm&r=g","url":"https:\/\/secure.gravatar.com\/avatar\/b6919a8f9a19eed40188a61dc7b9e0e067487c173e5e5cecfb267cedf5a141d9?s=96&d=mm&r=g","contentUrl":"https:\/\/secure.gravatar.com\/avatar\/b6919a8f9a19eed40188a61dc7b9e0e067487c173e5e5cecfb267cedf5a141d9?s=96&d=mm&r=g","caption":"Luca Bassanello"},"url":"https:\/\/blog.termetritone.it\/fr\/author\/luca\/"}]}},"_links":{"self":[{"href":"https:\/\/blog.termetritone.it\/fr\/wp-json\/wp\/v2\/posts\/1613","targetHints":{"allow":["GET"]}}],"collection":[{"href":"https:\/\/blog.termetritone.it\/fr\/wp-json\/wp\/v2\/posts"}],"about":[{"href":"https:\/\/blog.termetritone.it\/fr\/wp-json\/wp\/v2\/types\/post"}],"author":[{"embeddable":true,"href":"https:\/\/blog.termetritone.it\/fr\/wp-json\/wp\/v2\/users\/2"}],"replies":[{"embeddable":true,"href":"https:\/\/blog.termetritone.it\/fr\/wp-json\/wp\/v2\/comments?post=1613"}],"version-history":[{"count":0,"href":"https:\/\/blog.termetritone.it\/fr\/wp-json\/wp\/v2\/posts\/1613\/revisions"}],"wp:featuredmedia":[{"embeddable":true,"href":"https:\/\/blog.termetritone.it\/fr\/wp-json\/wp\/v2\/media\/1524"}],"wp:attachment":[{"href":"https:\/\/blog.termetritone.it\/fr\/wp-json\/wp\/v2\/media?parent=1613"}],"wp:term":[{"taxonomy":"category","embeddable":true,"href":"https:\/\/blog.termetritone.it\/fr\/wp-json\/wp\/v2\/categories?post=1613"},{"taxonomy":"post_tag","embeddable":true,"href":"https:\/\/blog.termetritone.it\/fr\/wp-json\/wp\/v2\/tags?post=1613"}],"curies":[{"name":"wp","href":"https:\/\/api.w.org\/{rel}","templated":true}]}}