{"id":3352,"date":"2019-12-11T10:00:31","date_gmt":"2019-12-11T09:00:31","guid":{"rendered":"https:\/\/blog.termetritone.it\/?p=3352"},"modified":"2023-11-15T13:29:33","modified_gmt":"2023-11-15T12:29:33","slug":"arqua-petrarca-est-lun-des-plus-beaux-bourgs-ditalie-une-journee-avec-le-poete","status":"publish","type":"post","link":"https:\/\/blog.termetritone.it\/fr\/territoire\/arqua-petrarca-est-lun-des-plus-beaux-bourgs-ditalie-une-journee-avec-le-poete\/","title":{"rendered":"Arqu\u00e0 Petrarca est l&rsquo;un des plus beaux bourgs d&rsquo;Italie : une journ\u00e9e avec le Po\u00e8te"},"content":{"rendered":"<p>Une fois qu&rsquo;un lieu a \u00e9t\u00e9 aim\u00e9 d&rsquo;un po\u00e8te, il devient \u00e9ternel, suspendu entre le pass\u00e9 d&rsquo;une \u00e9poque \u00e0 jamais disparue et un pr\u00e9sent o\u00f9 la douce nostalgie transforme la perte en retrouvailles.<\/p>\n<blockquote><p>De vastes bois de ch\u00e2taigniers, de noyers, de h\u00eatres, de fr\u00eanes, de ch\u00eanes rouvres recouvraient les pentes d&rsquo;Arqu\u00e0, mais ce sont surtout la vigne, l&rsquo;olivier et l&rsquo;amandier qui ont contribu\u00e9 \u00e0 cr\u00e9er ce paysage suggestif et typique.<\/p><\/blockquote>\n<p>C&rsquo;est en 1369 que Francesco da Carrara, seigneur de Padoue, a offert au po\u00e8te P\u00e9trarque une parcelle de terre \u00e0 <strong>Arqu\u00e0<\/strong>, <strong>dans le c\u0153ur vert des monts Eugan\u00e9ens<\/strong>. Un \u00ab\u00a0lieu am\u00e8ne\u00a0\u00bb o\u00f9 se r\u00e9fugier pour l&rsquo;\u00e9ternit\u00e9, au rythme des sonnets et des \u00e9motions<\/p>\n<p><em>Pour obtenir des informations et conseils sur les lieux \u00e0 d\u00e9couvrir aux alentours d&rsquo;Abano Terme, vous pouvez <strong><a href=\"https:\/\/www.termetritone.it\/fr\/default.aspx#anchor_contact\">\u00e9crire ici<\/a><\/strong> ou t\u00e9l\u00e9phoner au (+39) <strong>049 8668099<\/strong>.<\/em><\/p>\n<p><em>\u00a0<\/em><\/p>\n<h3>La maison de P\u00e9trarque<\/h3>\n<p><img loading=\"lazy\" decoding=\"async\" class=\"alignnone size-full wp-image-3359\" src=\"https:\/\/blog.termetritone.it\/wp-content\/uploads\/2019\/10\/Petrarca_04.jpg\" alt=\"\" width=\"1920\" height=\"1080\" srcset=\"https:\/\/blog.termetritone.it\/wp-content\/uploads\/2019\/10\/Petrarca_04.jpg 1920w, https:\/\/blog.termetritone.it\/wp-content\/uploads\/2019\/10\/Petrarca_04-300x169.jpg 300w, https:\/\/blog.termetritone.it\/wp-content\/uploads\/2019\/10\/Petrarca_04-768x432.jpg 768w, https:\/\/blog.termetritone.it\/wp-content\/uploads\/2019\/10\/Petrarca_04-1024x576.jpg 1024w, https:\/\/blog.termetritone.it\/wp-content\/uploads\/2019\/10\/Petrarca_04-570x321.jpg 570w\" sizes=\"auto, (max-width: 1920px) 100vw, 1920px\" \/><\/p>\n<p>Un abri pour les grandes temp\u00eates de la vie, une <strong>oasis<\/strong> o\u00f9 profiter de la douceur des derni\u00e8res ann\u00e9es, une voie d&rsquo;acc\u00e8s \u00e0 cet ailleurs o\u00f9 les \u00e9motions sont si proches qu&rsquo;elles s&rsquo;expriment dans une po\u00e9sie authentique. C&rsquo;est ce r\u00f4le, et bien davantage, qu&rsquo;Arqu\u00e0 a jou\u00e9 pour P\u00e9trarque\u00a0: depuis sa petite maison, avec sa fille Francesca, son gendre Francescuolo et sa petite-fille Eletta, il pouvait admirer le spectacle champ\u00eatre des douces collines Eugan\u00e9ennes.<\/p>\n<blockquote><p>Pour ne pas trop m&rsquo;\u00e9loigner de mon \u00e9glise, ici entre les monts Eugan\u00e9ens,<br \/>\n\u00e0 gu\u00e8re plus de dix milles de Padoue,<br \/>\nje me suis construit une maison, petite mais d\u00e9licieuse, entour\u00e9e d&rsquo;une oliveraie et d&rsquo;une vigne,<br \/>\nqui donnent suffisamment pour une famille nombreuse mais modeste.<br \/>\nEt ici, bien que malade, je vis en totale tranquillit\u00e9, loin de toute confusion,<br \/>\nanxi\u00e9t\u00e9 et pr\u00e9occupation, passant mon temps \u00e0 lire et \u00e0 \u00e9crire.<\/p><\/blockquote>\n<p>En fermant les yeux, on parviendrait presque \u00e0 voir P\u00e9trarque\u00a0: dans son \u00e9tude, avec une couverture sur les jambes, \u00e0 feuilleter les livres qu&rsquo;il aimait, comme si rien d&rsquo;autre n&rsquo;existait dans la vie que cet amour consum\u00e9 par l&rsquo;encre.<\/p>\n<p><strong>Via Valleselle<\/strong>, le souffle du po\u00e8te anime encore les rares objets familiers entre les murs qui racontent ses plus belles \u0153uvres, le Canzoniere, les Triomphes, l&rsquo;Africa. Histoires de mondes lointains ou tr\u00e8s proches, int\u00e9rieurs ou tapageusement concrets.<\/p>\n<p>&nbsp;<\/p>\n<h3>Oratoire Santissima Trinit\u00e0 et Loggia dei Vicari<\/h3>\n<p>Un village caress\u00e9 mille fois par cette allure majestueuse, sereine et l\u00e9g\u00e8re, m\u00eame si le pas \u00e9tait fatigu\u00e9, proche de la fin. <strong>Via Castello<\/strong>, l&rsquo;on peut encore aujourd&rsquo;hui se recueillir et prier dans <strong>l&rsquo;Oratoire de la Santissima Trinit\u00e0<\/strong> o\u00f9 le po\u00e8te se rendait en fin de journ\u00e9e, apr\u00e8s la r\u00e9union avec les chefs de famille du bourg dans la <strong>Loggia dei Vicari<\/strong>. L&rsquo;autel datant du XVe si\u00e8cle est aujourd&rsquo;hui encadr\u00e9 par la Trinit\u00e9 de Palma le Jeune et par les statues de Saint Christophe et de Sainte Lucie.<\/p>\n<p>&nbsp;<\/p>\n<p><img loading=\"lazy\" decoding=\"async\" class=\"alignnone size-full wp-image-3490\" src=\"https:\/\/blog.termetritone.it\/wp-content\/uploads\/2019\/12\/borgo_FR.jpg\" alt=\"\" width=\"1920\" height=\"1080\" srcset=\"https:\/\/blog.termetritone.it\/wp-content\/uploads\/2019\/12\/borgo_FR.jpg 1920w, https:\/\/blog.termetritone.it\/wp-content\/uploads\/2019\/12\/borgo_FR-300x169.jpg 300w, https:\/\/blog.termetritone.it\/wp-content\/uploads\/2019\/12\/borgo_FR-768x432.jpg 768w, https:\/\/blog.termetritone.it\/wp-content\/uploads\/2019\/12\/borgo_FR-1024x576.jpg 1024w, https:\/\/blog.termetritone.it\/wp-content\/uploads\/2019\/12\/borgo_FR-570x321.jpg 570w\" sizes=\"auto, (max-width: 1920px) 100vw, 1920px\" \/><\/p>\n<h3>\u00c9glise de S. Maria, fontaine et tombe de P\u00e9trarque<\/h3>\n<p>Lorsque le po\u00e8te rendit son dernier souffle, parmi ses livres tant aim\u00e9s, cette nuit du 18 au 19 juillet 1374, les fun\u00e9railles eurent lieu dans l&rsquo;\u00e9glise de <strong>S. Maria Assunta<\/strong> (Notre-Dame de l&rsquo;Assomption).<\/p>\n<p>Depuis, entre roseraies et vergers, il repose dans une arche de marbre rouge construite par son gendre, \u00e0 c\u00f4t\u00e9 de la fontaine \u00e0 laquelle il allait puiser l&rsquo;eau. Sur le front de l&rsquo;arc, l&rsquo;on peut lire le couplet latin\u00a0: \u00abUn personnage important habite cette source, oh \u00e9tranger\u00a0: v\u00e9n\u00e8re cette eau, c&rsquo;est en la buvant que P\u00e9trarque a pu chanter des vers divins\u00bb.<\/p>\n<p>&nbsp;<\/p>\n<h3>Fondation musicale Masiero e Centanin<\/h3>\n<p>Apr\u00e8s avoir accompagn\u00e9 le po\u00e8te par les ruelles du bourg qui porte son nom, l&rsquo;on pourra admirer <strong>l&rsquo;exposition des 25\u00a0pianos des XVIIIe et XIXe si\u00e8cles \u2013<\/strong> \u00e0 queue, rectangulaires ou verticaux \u2013 \u00e0 la villa Centanin, situ\u00e9e <strong>via degli Ulivi<\/strong>. Au courant du mois de juillet, pendant le Festival Euganeo d&rsquo;Estate, l&rsquo;Orchestra delle Venezie emplira l&rsquo;air de notes d\u00e9licates.<\/p>\n<p><img loading=\"lazy\" decoding=\"async\" class=\"alignnone size-full wp-image-3367\" src=\"https:\/\/blog.termetritone.it\/wp-content\/uploads\/2019\/10\/Petrarca-02.jpg\" alt=\"\" width=\"1920\" height=\"1080\" srcset=\"https:\/\/blog.termetritone.it\/wp-content\/uploads\/2019\/10\/Petrarca-02.jpg 1920w, https:\/\/blog.termetritone.it\/wp-content\/uploads\/2019\/10\/Petrarca-02-300x169.jpg 300w, https:\/\/blog.termetritone.it\/wp-content\/uploads\/2019\/10\/Petrarca-02-768x432.jpg 768w, https:\/\/blog.termetritone.it\/wp-content\/uploads\/2019\/10\/Petrarca-02-1024x576.jpg 1024w, https:\/\/blog.termetritone.it\/wp-content\/uploads\/2019\/10\/Petrarca-02-570x321.jpg 570w\" sizes=\"auto, (max-width: 1920px) 100vw, 1920px\" \/><\/p>\n<p>Apr\u00e8s avoir visit\u00e9 ce petit temple de la po\u00e9sie, l&rsquo;on pourra revivre son atmosph\u00e8re avec les lumi\u00e8res, parfums et ar\u00f4mes de l&rsquo;exclusif <a href=\"https:\/\/blog.termetritone.it\/fr\/thermae-e-spa-fr\/le-nouveau-spa-de-lhotel-tritone-un-parcours-emotionnel-inspire-darqua-petrarca\/\">spa Arqu\u00e0 Petrarca<\/a> de l&rsquo;Hotel Tritone.<\/p>\n<p>&nbsp;<\/p>\n<p><em>Pour de plus amples informations sur les charmes de la r\u00e9gion, ou pour savoir comment r\u00e9server votre s\u00e9jour, vous pouvez <strong><a href=\"https:\/\/www.termetritone.it\/fr\/default.aspx#anchor_contact\">\u00e9crire ici<\/a><\/strong> ou t\u00e9l\u00e9phoner au num\u00e9ro (+39) <strong>049 8668099<\/strong>.<\/em><\/p>\n<p>&nbsp;<\/p>\n","protected":false},"excerpt":{"rendered":"<p>Une fois qu&rsquo;un lieu a \u00e9t\u00e9 aim\u00e9 d&rsquo;un po\u00e8te, il devient \u00e9ternel, suspendu entre le pass\u00e9 d&rsquo;une \u00e9poque \u00e0 jamais disparue et un pr\u00e9sent o\u00f9 la douce nostalgie transforme la perte en retrouvailles. De vastes bois de ch\u00e2taigniers, de noyers, de h\u00eatres, de fr\u00eanes, de ch\u00eanes rouvres recouvraient les pentes d&rsquo;Arqu\u00e0, mais ce sont surtout&hellip;<\/p>\n","protected":false},"author":2,"featured_media":3502,"comment_status":"closed","ping_status":"closed","sticky":false,"template":"","format":"standard","meta":{"_acf_changed":false,"footnotes":""},"categories":[70,24],"tags":[],"class_list":["post-3352","post","type-post","status-publish","format-standard","has-post-thumbnail","hentry","category-abano-et-collines","category-territoire"],"acf":[],"yoast_head":"<!-- This site is optimized with the Yoast SEO plugin v27.2 - https:\/\/yoast.com\/product\/yoast-seo-wordpress\/ -->\n<title>Arqu\u00e0 Petrarca est l&#039;un des plus beaux bourgs d&#039;Italie : une journ\u00e9e avec le Po\u00e8te - Blog Hotel Tritone Terme<\/title>\n<meta name=\"description\" content=\"Une fois qu&#039;un lieu a \u00e9t\u00e9 aim\u00e9 d&#039;un po\u00e8te, il devient \u00e9ternel, suspendu entre le pass\u00e9 d&#039;une \u00e9poque \u00e0 jamais disparue et un pr\u00e9sent o\u00f9 la douce nostalgie\" \/>\n<meta name=\"robots\" content=\"index, follow, max-snippet:-1, max-image-preview:large, max-video-preview:-1\" \/>\n<link rel=\"canonical\" href=\"https:\/\/blog.termetritone.it\/fr\/territoire\/arqua-petrarca-est-lun-des-plus-beaux-bourgs-ditalie-une-journee-avec-le-poete\/\" \/>\n<meta property=\"og:locale\" content=\"fr_FR\" \/>\n<meta property=\"og:type\" content=\"article\" \/>\n<meta property=\"og:title\" content=\"Arqu\u00e0 Petrarca est l&#039;un des plus beaux bourgs d&#039;Italie : une journ\u00e9e avec le Po\u00e8te - Blog Hotel Tritone Terme\" \/>\n<meta property=\"og:description\" content=\"Une fois qu&#039;un lieu a \u00e9t\u00e9 aim\u00e9 d&#039;un po\u00e8te, il devient \u00e9ternel, suspendu entre le pass\u00e9 d&#039;une \u00e9poque \u00e0 jamais disparue et un pr\u00e9sent o\u00f9 la douce nostalgie\" \/>\n<meta property=\"og:url\" content=\"https:\/\/blog.termetritone.it\/fr\/territoire\/arqua-petrarca-est-lun-des-plus-beaux-bourgs-ditalie-une-journee-avec-le-poete\/\" \/>\n<meta property=\"og:site_name\" content=\"Blog Hotel Tritone Terme\" \/>\n<meta property=\"article:publisher\" content=\"https:\/\/www.facebook.com\/HotelTritoneTerme\/\" \/>\n<meta property=\"article:published_time\" content=\"2019-12-11T09:00:31+00:00\" \/>\n<meta property=\"article:modified_time\" content=\"2023-11-15T12:29:33+00:00\" \/>\n<meta property=\"og:image\" content=\"https:\/\/blog.termetritone.it\/wp-content\/uploads\/2019\/12\/Rifugio-poeta-FR.jpg\" \/>\n\t<meta property=\"og:image:width\" content=\"1920\" \/>\n\t<meta property=\"og:image:height\" content=\"1080\" \/>\n\t<meta property=\"og:image:type\" content=\"image\/jpeg\" \/>\n<meta name=\"author\" content=\"Luca Bassanello\" \/>\n<meta name=\"twitter:card\" content=\"summary_large_image\" \/>\n<meta name=\"twitter:creator\" content=\"@TermeTritone\" \/>\n<meta name=\"twitter:site\" content=\"@TermeTritone\" \/>\n<meta name=\"twitter:label1\" content=\"\u00c9crit par\" \/>\n\t<meta name=\"twitter:data1\" content=\"Luca Bassanello\" \/>\n\t<meta name=\"twitter:label2\" content=\"Dur\u00e9e de lecture estim\u00e9e\" \/>\n\t<meta name=\"twitter:data2\" content=\"4 minutes\" \/>\n<!-- \/ Yoast SEO plugin. -->","yoast_head_json":{"title":"Arqu\u00e0 Petrarca est l'un des plus beaux bourgs d'Italie : une journ\u00e9e avec le Po\u00e8te - Blog Hotel Tritone Terme","description":"Une fois qu'un lieu a \u00e9t\u00e9 aim\u00e9 d'un po\u00e8te, il devient \u00e9ternel, suspendu entre le pass\u00e9 d'une \u00e9poque \u00e0 jamais disparue et un pr\u00e9sent o\u00f9 la douce nostalgie","robots":{"index":"index","follow":"follow","max-snippet":"max-snippet:-1","max-image-preview":"max-image-preview:large","max-video-preview":"max-video-preview:-1"},"canonical":"https:\/\/blog.termetritone.it\/fr\/territoire\/arqua-petrarca-est-lun-des-plus-beaux-bourgs-ditalie-une-journee-avec-le-poete\/","og_locale":"fr_FR","og_type":"article","og_title":"Arqu\u00e0 Petrarca est l'un des plus beaux bourgs d'Italie : une journ\u00e9e avec le Po\u00e8te - Blog Hotel Tritone Terme","og_description":"Une fois qu'un lieu a \u00e9t\u00e9 aim\u00e9 d'un po\u00e8te, il devient \u00e9ternel, suspendu entre le pass\u00e9 d'une \u00e9poque \u00e0 jamais disparue et un pr\u00e9sent o\u00f9 la douce nostalgie","og_url":"https:\/\/blog.termetritone.it\/fr\/territoire\/arqua-petrarca-est-lun-des-plus-beaux-bourgs-ditalie-une-journee-avec-le-poete\/","og_site_name":"Blog Hotel Tritone Terme","article_publisher":"https:\/\/www.facebook.com\/HotelTritoneTerme\/","article_published_time":"2019-12-11T09:00:31+00:00","article_modified_time":"2023-11-15T12:29:33+00:00","og_image":[{"width":1920,"height":1080,"url":"https:\/\/blog.termetritone.it\/wp-content\/uploads\/2019\/12\/Rifugio-poeta-FR.jpg","type":"image\/jpeg"}],"author":"Luca Bassanello","twitter_card":"summary_large_image","twitter_creator":"@TermeTritone","twitter_site":"@TermeTritone","twitter_misc":{"\u00c9crit par":"Luca Bassanello","Dur\u00e9e de lecture estim\u00e9e":"4 minutes"},"schema":{"@context":"https:\/\/schema.org","@graph":[{"@type":"Article","@id":"https:\/\/blog.termetritone.it\/fr\/territoire\/arqua-petrarca-est-lun-des-plus-beaux-bourgs-ditalie-une-journee-avec-le-poete\/#article","isPartOf":{"@id":"https:\/\/blog.termetritone.it\/fr\/territoire\/arqua-petrarca-est-lun-des-plus-beaux-bourgs-ditalie-une-journee-avec-le-poete\/"},"author":{"name":"Luca Bassanello","@id":"https:\/\/blog.termetritone.it\/#\/schema\/person\/414da071f6d70bca9d0d8ceff19c5315"},"headline":"Arqu\u00e0 Petrarca est l&rsquo;un des plus beaux bourgs d&rsquo;Italie : une journ\u00e9e avec le Po\u00e8te","datePublished":"2019-12-11T09:00:31+00:00","dateModified":"2023-11-15T12:29:33+00:00","mainEntityOfPage":{"@id":"https:\/\/blog.termetritone.it\/fr\/territoire\/arqua-petrarca-est-lun-des-plus-beaux-bourgs-ditalie-une-journee-avec-le-poete\/"},"wordCount":747,"publisher":{"@id":"https:\/\/blog.termetritone.it\/#organization"},"image":{"@id":"https:\/\/blog.termetritone.it\/fr\/territoire\/arqua-petrarca-est-lun-des-plus-beaux-bourgs-ditalie-une-journee-avec-le-poete\/#primaryimage"},"thumbnailUrl":"https:\/\/blog.termetritone.it\/wp-content\/uploads\/2019\/12\/Rifugio-poeta-FR.jpg","articleSection":["Abano et Collines","Territoire"],"inLanguage":"fr-FR"},{"@type":"WebPage","@id":"https:\/\/blog.termetritone.it\/fr\/territoire\/arqua-petrarca-est-lun-des-plus-beaux-bourgs-ditalie-une-journee-avec-le-poete\/","url":"https:\/\/blog.termetritone.it\/fr\/territoire\/arqua-petrarca-est-lun-des-plus-beaux-bourgs-ditalie-une-journee-avec-le-poete\/","name":"Arqu\u00e0 Petrarca est l'un des plus beaux bourgs d'Italie : une journ\u00e9e avec le Po\u00e8te - Blog Hotel Tritone Terme","isPartOf":{"@id":"https:\/\/blog.termetritone.it\/#website"},"primaryImageOfPage":{"@id":"https:\/\/blog.termetritone.it\/fr\/territoire\/arqua-petrarca-est-lun-des-plus-beaux-bourgs-ditalie-une-journee-avec-le-poete\/#primaryimage"},"image":{"@id":"https:\/\/blog.termetritone.it\/fr\/territoire\/arqua-petrarca-est-lun-des-plus-beaux-bourgs-ditalie-une-journee-avec-le-poete\/#primaryimage"},"thumbnailUrl":"https:\/\/blog.termetritone.it\/wp-content\/uploads\/2019\/12\/Rifugio-poeta-FR.jpg","datePublished":"2019-12-11T09:00:31+00:00","dateModified":"2023-11-15T12:29:33+00:00","description":"Une fois qu'un lieu a \u00e9t\u00e9 aim\u00e9 d'un po\u00e8te, il devient \u00e9ternel, suspendu entre le pass\u00e9 d'une \u00e9poque \u00e0 jamais disparue et un pr\u00e9sent o\u00f9 la douce nostalgie","breadcrumb":{"@id":"https:\/\/blog.termetritone.it\/fr\/territoire\/arqua-petrarca-est-lun-des-plus-beaux-bourgs-ditalie-une-journee-avec-le-poete\/#breadcrumb"},"inLanguage":"fr-FR","potentialAction":[{"@type":"ReadAction","target":["https:\/\/blog.termetritone.it\/fr\/territoire\/arqua-petrarca-est-lun-des-plus-beaux-bourgs-ditalie-une-journee-avec-le-poete\/"]}]},{"@type":"ImageObject","inLanguage":"fr-FR","@id":"https:\/\/blog.termetritone.it\/fr\/territoire\/arqua-petrarca-est-lun-des-plus-beaux-bourgs-ditalie-une-journee-avec-le-poete\/#primaryimage","url":"https:\/\/blog.termetritone.it\/wp-content\/uploads\/2019\/12\/Rifugio-poeta-FR.jpg","contentUrl":"https:\/\/blog.termetritone.it\/wp-content\/uploads\/2019\/12\/Rifugio-poeta-FR.jpg","width":1920,"height":1080},{"@type":"BreadcrumbList","@id":"https:\/\/blog.termetritone.it\/fr\/territoire\/arqua-petrarca-est-lun-des-plus-beaux-bourgs-ditalie-une-journee-avec-le-poete\/#breadcrumb","itemListElement":[{"@type":"ListItem","position":1,"name":"Home","item":"https:\/\/blog.termetritone.it\/fr\/"},{"@type":"ListItem","position":2,"name":"Arqu\u00e0 Petrarca est l&#8217;un des plus beaux bourgs d&#8217;Italie : une journ\u00e9e avec le Po\u00e8te"}]},{"@type":"WebSite","@id":"https:\/\/blog.termetritone.it\/#website","url":"https:\/\/blog.termetritone.it\/","name":"Blog Hotel Tritone Terme","description":"Eleganza e relax senza compromessi","publisher":{"@id":"https:\/\/blog.termetritone.it\/#organization"},"potentialAction":[{"@type":"SearchAction","target":{"@type":"EntryPoint","urlTemplate":"https:\/\/blog.termetritone.it\/?s={search_term_string}"},"query-input":{"@type":"PropertyValueSpecification","valueRequired":true,"valueName":"search_term_string"}}],"inLanguage":"fr-FR"},{"@type":"Organization","@id":"https:\/\/blog.termetritone.it\/#organization","name":"Hotel Tritone Terme - Sethi srl","url":"https:\/\/blog.termetritone.it\/","logo":{"@type":"ImageObject","inLanguage":"fr-FR","@id":"https:\/\/blog.termetritone.it\/#\/schema\/logo\/image\/","url":"https:\/\/blog.termetritone.it\/wp-content\/uploads\/2018\/10\/logo-tritone-small.png","contentUrl":"https:\/\/blog.termetritone.it\/wp-content\/uploads\/2018\/10\/logo-tritone-small.png","width":249,"height":80,"caption":"Hotel Tritone Terme - Sethi srl"},"image":{"@id":"https:\/\/blog.termetritone.it\/#\/schema\/logo\/image\/"},"sameAs":["https:\/\/www.facebook.com\/HotelTritoneTerme\/","https:\/\/x.com\/TermeTritone","https:\/\/www.youtube.com\/channel\/UCBtuO3rJaSxzX_OkEw3niJg"]},{"@type":"Person","@id":"https:\/\/blog.termetritone.it\/#\/schema\/person\/414da071f6d70bca9d0d8ceff19c5315","name":"Luca Bassanello","image":{"@type":"ImageObject","inLanguage":"fr-FR","@id":"https:\/\/secure.gravatar.com\/avatar\/b6919a8f9a19eed40188a61dc7b9e0e067487c173e5e5cecfb267cedf5a141d9?s=96&d=mm&r=g","url":"https:\/\/secure.gravatar.com\/avatar\/b6919a8f9a19eed40188a61dc7b9e0e067487c173e5e5cecfb267cedf5a141d9?s=96&d=mm&r=g","contentUrl":"https:\/\/secure.gravatar.com\/avatar\/b6919a8f9a19eed40188a61dc7b9e0e067487c173e5e5cecfb267cedf5a141d9?s=96&d=mm&r=g","caption":"Luca Bassanello"},"url":"https:\/\/blog.termetritone.it\/fr\/author\/luca\/"}]}},"_links":{"self":[{"href":"https:\/\/blog.termetritone.it\/fr\/wp-json\/wp\/v2\/posts\/3352","targetHints":{"allow":["GET"]}}],"collection":[{"href":"https:\/\/blog.termetritone.it\/fr\/wp-json\/wp\/v2\/posts"}],"about":[{"href":"https:\/\/blog.termetritone.it\/fr\/wp-json\/wp\/v2\/types\/post"}],"author":[{"embeddable":true,"href":"https:\/\/blog.termetritone.it\/fr\/wp-json\/wp\/v2\/users\/2"}],"replies":[{"embeddable":true,"href":"https:\/\/blog.termetritone.it\/fr\/wp-json\/wp\/v2\/comments?post=3352"}],"version-history":[{"count":1,"href":"https:\/\/blog.termetritone.it\/fr\/wp-json\/wp\/v2\/posts\/3352\/revisions"}],"predecessor-version":[{"id":13303,"href":"https:\/\/blog.termetritone.it\/fr\/wp-json\/wp\/v2\/posts\/3352\/revisions\/13303"}],"wp:featuredmedia":[{"embeddable":true,"href":"https:\/\/blog.termetritone.it\/fr\/wp-json\/wp\/v2\/media\/3502"}],"wp:attachment":[{"href":"https:\/\/blog.termetritone.it\/fr\/wp-json\/wp\/v2\/media?parent=3352"}],"wp:term":[{"taxonomy":"category","embeddable":true,"href":"https:\/\/blog.termetritone.it\/fr\/wp-json\/wp\/v2\/categories?post=3352"},{"taxonomy":"post_tag","embeddable":true,"href":"https:\/\/blog.termetritone.it\/fr\/wp-json\/wp\/v2\/tags?post=3352"}],"curies":[{"name":"wp","href":"https:\/\/api.w.org\/{rel}","templated":true}]}}