{"id":4675,"date":"2020-07-21T10:47:20","date_gmt":"2020-07-21T08:47:20","guid":{"rendered":"https:\/\/blog.termetritone.it\/?p=4675"},"modified":"2020-07-21T13:13:46","modified_gmt":"2020-07-21T11:13:46","slug":"le-docteur-francesca-forestan-est-la-nouvelle-directrice-medicale-de-lhotel-tritone","status":"publish","type":"post","link":"https:\/\/blog.termetritone.it\/fr\/vie-hoteliere\/le-docteur-francesca-forestan-est-la-nouvelle-directrice-medicale-de-lhotel-tritone\/","title":{"rendered":"Le Docteur Francesca Forestan est la nouvelle Directrice M\u00e9dicale de l&rsquo;H\u00f4tel Tritone"},"content":{"rendered":"\r\n<p><span lang=\"FR\">L&rsquo;H\u00f4tel Tritone est heureux d&rsquo;annoncer que le <strong>Docteur Francesca Forestan<\/strong>, m\u00e9decin chirurgien sp\u00e9cialiste du secteur thermal, a accept\u00e9 le poste prestigieux de <strong>Directrice M\u00e9dicale de notre Centre de Soins<\/strong>.<\/span><\/p>\r\n<p><span lang=\"FR\">Le Dr Forestan, qui collabore depuis au moins 16 ans avec de nombreux \u00e9tablissements sanitaires h\u00f4teliers du bassin thermal eugan\u00e9en, aura pour mission de superviser sur le plan m\u00e9dico-scientifique les activit\u00e9s de notre Centre. <\/span><\/p>\r\n\r\n\r\n\r\n<figure class=\"wp-block-image size-large\"><img loading=\"lazy\" decoding=\"async\" width=\"1024\" height=\"576\" class=\"wp-image-4556\" src=\"https:\/\/blog.termetritone.it\/wp-content\/uploads\/2020\/07\/direttore-sanitario-1024x576.jpg\" alt=\"\" srcset=\"https:\/\/blog.termetritone.it\/wp-content\/uploads\/2020\/07\/direttore-sanitario-1024x576.jpg 1024w, https:\/\/blog.termetritone.it\/wp-content\/uploads\/2020\/07\/direttore-sanitario-300x169.jpg 300w, https:\/\/blog.termetritone.it\/wp-content\/uploads\/2020\/07\/direttore-sanitario-768x432.jpg 768w, https:\/\/blog.termetritone.it\/wp-content\/uploads\/2020\/07\/direttore-sanitario-1536x864.jpg 1536w, https:\/\/blog.termetritone.it\/wp-content\/uploads\/2020\/07\/direttore-sanitario-570x321.jpg 570w, https:\/\/blog.termetritone.it\/wp-content\/uploads\/2020\/07\/direttore-sanitario.jpg 1920w\" sizes=\"auto, (max-width: 1024px) 100vw, 1024px\" \/><\/figure>\r\n\r\n\r\n\r\n<p><span lang=\"FR\">Gr\u00e2ce \u00e0 elle, nos chers Clients pourront \u00e9galement profiter d&rsquo;<strong>un nouveau type de th\u00e9rapie : le traitement visage et corps de derni\u00e8re g\u00e9n\u00e9ration \u00e0 base d&rsquo;acide hyaluronique et d&rsquo;acides amin\u00e9s<\/strong>, dont le Dr Forestan est sp\u00e9cialiste et qui sera directement g\u00e9r\u00e9 par elle. <\/span><\/p>\r\n\r\n\r\n\r\n<figure class=\"wp-block-image size-large\"><img loading=\"lazy\" decoding=\"async\" class=\"alignnone wp-image-4676 size-full\" src=\"https:\/\/blog.termetritone.it\/wp-content\/uploads\/2020\/07\/nuovo-trattamento-FR.jpg\" alt=\"\" width=\"1920\" height=\"1080\" srcset=\"https:\/\/blog.termetritone.it\/wp-content\/uploads\/2020\/07\/nuovo-trattamento-FR.jpg 1920w, https:\/\/blog.termetritone.it\/wp-content\/uploads\/2020\/07\/nuovo-trattamento-FR-300x169.jpg 300w, https:\/\/blog.termetritone.it\/wp-content\/uploads\/2020\/07\/nuovo-trattamento-FR-1024x576.jpg 1024w, https:\/\/blog.termetritone.it\/wp-content\/uploads\/2020\/07\/nuovo-trattamento-FR-768x432.jpg 768w, https:\/\/blog.termetritone.it\/wp-content\/uploads\/2020\/07\/nuovo-trattamento-FR-1536x864.jpg 1536w, https:\/\/blog.termetritone.it\/wp-content\/uploads\/2020\/07\/nuovo-trattamento-FR-570x321.jpg 570w\" sizes=\"auto, (max-width: 1920px) 100vw, 1920px\" \/><\/figure>\r\n\r\n\r\n\r\n<p>Un proc\u00e9d\u00e9 s\u00fbr, ayant pour but la <strong>revitalisation des tissus cutan\u00e9s<\/strong>, sans contrindications et adapt\u00e9 \u00e0 tous les \u00e2ges, qui permet en outre d&rsquo;ajouter une autre sp\u00e9cialit\u00e9 au carnet d&rsquo;offres d\u00e9j\u00e0 bien rempli du Centre de Soins Thermal de l&rsquo;H\u00f4tel Tritone.<\/p>\r\n<p><em>Pour en savoir plus sur la nouvelle Directrice M\u00e9dicale ou r\u00e9server un traitement \u00e0 l&rsquo;acide hyaluronique et aux acides amin\u00e9s, vous pouvez \u00e9crire <\/em><a href=\"https:\/\/www.termetritone.it\/fr\/default.aspx#anchor_contact\" target=\"_blank\" rel=\"noopener noreferrer\"><em>ici<\/em><\/a><em> ou appeler le (+39) 049 8668099.<\/em><\/p>\r\n","protected":false},"excerpt":{"rendered":"<p>L&rsquo;H\u00f4tel Tritone est heureux d&rsquo;annoncer que le Docteur Francesca Forestan, m\u00e9decin chirurgien sp\u00e9cialiste du secteur thermal, a accept\u00e9 le poste prestigieux de Directrice M\u00e9dicale de notre Centre de Soins. Le Dr Forestan, qui collabore depuis au moins 16 ans avec de nombreux \u00e9tablissements sanitaires h\u00f4teliers du bassin thermal eugan\u00e9en, aura pour mission de superviser sur&hellip;<\/p>\n","protected":false},"author":2,"featured_media":4680,"comment_status":"closed","ping_status":"closed","sticky":false,"template":"","format":"standard","meta":{"_acf_changed":false,"footnotes":""},"categories":[43,39],"tags":[],"class_list":["post-4675","post","type-post","status-publish","format-standard","has-post-thumbnail","hentry","category-sante-et-bien-etre","category-vie-hoteliere"],"acf":[],"yoast_head":"<!-- This site is optimized with the Yoast SEO plugin v27.2 - https:\/\/yoast.com\/product\/yoast-seo-wordpress\/ -->\n<title>Le Docteur Francesca Forestan est la nouvelle Directrice M\u00e9dicale de l&#039;H\u00f4tel Tritone - Blog Hotel Tritone Terme<\/title>\n<meta name=\"description\" content=\"L&#039;H\u00f4tel Tritone est heureux d&#039;annoncer que le Docteur Francesca Forestan, m\u00e9decin chirurgien sp\u00e9cialiste du secteur thermal, a accept\u00e9 le poste\" \/>\n<meta name=\"robots\" content=\"index, follow, max-snippet:-1, max-image-preview:large, max-video-preview:-1\" \/>\n<link rel=\"canonical\" href=\"https:\/\/blog.termetritone.it\/salute-e-benessere\/la-dottoressa-francesca-forestan-e-il-nuovo-direttore-sanitario-dellhotel-tritone\/\" \/>\n<meta property=\"og:locale\" content=\"fr_FR\" \/>\n<meta property=\"og:type\" content=\"article\" \/>\n<meta property=\"og:title\" content=\"Le Docteur Francesca Forestan est la nouvelle Directrice M\u00e9dicale de l&#039;H\u00f4tel Tritone - Blog Hotel Tritone Terme\" \/>\n<meta property=\"og:description\" content=\"L&#039;H\u00f4tel Tritone est heureux d&#039;annoncer que le Docteur Francesca Forestan, m\u00e9decin chirurgien sp\u00e9cialiste du secteur thermal, a accept\u00e9 le poste\" \/>\n<meta property=\"og:url\" content=\"https:\/\/blog.termetritone.it\/salute-e-benessere\/la-dottoressa-francesca-forestan-e-il-nuovo-direttore-sanitario-dellhotel-tritone\/\" \/>\n<meta property=\"og:site_name\" content=\"Blog Hotel Tritone Terme\" \/>\n<meta property=\"article:publisher\" content=\"https:\/\/www.facebook.com\/HotelTritoneTerme\/\" \/>\n<meta property=\"article:published_time\" content=\"2020-07-21T08:47:20+00:00\" \/>\n<meta property=\"article:modified_time\" content=\"2020-07-21T11:13:46+00:00\" \/>\n<meta property=\"og:image\" content=\"https:\/\/blog.termetritone.it\/wp-content\/uploads\/2020\/07\/direttore-sanitario-FR.jpg\" \/>\n\t<meta property=\"og:image:width\" content=\"1920\" \/>\n\t<meta property=\"og:image:height\" content=\"1080\" \/>\n\t<meta property=\"og:image:type\" content=\"image\/jpeg\" \/>\n<meta name=\"author\" content=\"Luca Bassanello\" \/>\n<meta name=\"twitter:card\" content=\"summary_large_image\" \/>\n<meta name=\"twitter:creator\" content=\"@TermeTritone\" \/>\n<meta name=\"twitter:site\" content=\"@TermeTritone\" \/>\n<meta name=\"twitter:label1\" content=\"\u00c9crit par\" \/>\n\t<meta name=\"twitter:data1\" content=\"Luca Bassanello\" \/>\n\t<meta name=\"twitter:label2\" content=\"Dur\u00e9e de lecture estim\u00e9e\" \/>\n\t<meta name=\"twitter:data2\" content=\"1 minute\" \/>\n<!-- \/ Yoast SEO plugin. -->","yoast_head_json":{"title":"Le Docteur Francesca Forestan est la nouvelle Directrice M\u00e9dicale de l'H\u00f4tel Tritone - Blog Hotel Tritone Terme","description":"L'H\u00f4tel Tritone est heureux d'annoncer que le Docteur Francesca Forestan, m\u00e9decin chirurgien sp\u00e9cialiste du secteur thermal, a accept\u00e9 le poste","robots":{"index":"index","follow":"follow","max-snippet":"max-snippet:-1","max-image-preview":"max-image-preview:large","max-video-preview":"max-video-preview:-1"},"canonical":"https:\/\/blog.termetritone.it\/salute-e-benessere\/la-dottoressa-francesca-forestan-e-il-nuovo-direttore-sanitario-dellhotel-tritone\/","og_locale":"fr_FR","og_type":"article","og_title":"Le Docteur Francesca Forestan est la nouvelle Directrice M\u00e9dicale de l'H\u00f4tel Tritone - Blog Hotel Tritone Terme","og_description":"L'H\u00f4tel Tritone est heureux d'annoncer que le Docteur Francesca Forestan, m\u00e9decin chirurgien sp\u00e9cialiste du secteur thermal, a accept\u00e9 le poste","og_url":"https:\/\/blog.termetritone.it\/salute-e-benessere\/la-dottoressa-francesca-forestan-e-il-nuovo-direttore-sanitario-dellhotel-tritone\/","og_site_name":"Blog Hotel Tritone Terme","article_publisher":"https:\/\/www.facebook.com\/HotelTritoneTerme\/","article_published_time":"2020-07-21T08:47:20+00:00","article_modified_time":"2020-07-21T11:13:46+00:00","og_image":[{"width":1920,"height":1080,"url":"https:\/\/blog.termetritone.it\/wp-content\/uploads\/2020\/07\/direttore-sanitario-FR.jpg","type":"image\/jpeg"}],"author":"Luca Bassanello","twitter_card":"summary_large_image","twitter_creator":"@TermeTritone","twitter_site":"@TermeTritone","twitter_misc":{"\u00c9crit par":"Luca Bassanello","Dur\u00e9e de lecture estim\u00e9e":"1 minute"},"schema":{"@context":"https:\/\/schema.org","@graph":[{"@type":"Article","@id":"https:\/\/blog.termetritone.it\/salute-e-benessere\/la-dottoressa-francesca-forestan-e-il-nuovo-direttore-sanitario-dellhotel-tritone\/#article","isPartOf":{"@id":"https:\/\/blog.termetritone.it\/salute-e-benessere\/la-dottoressa-francesca-forestan-e-il-nuovo-direttore-sanitario-dellhotel-tritone\/"},"author":{"name":"Luca Bassanello","@id":"https:\/\/blog.termetritone.it\/#\/schema\/person\/414da071f6d70bca9d0d8ceff19c5315"},"headline":"Le Docteur Francesca Forestan est la nouvelle Directrice M\u00e9dicale de l&rsquo;H\u00f4tel Tritone","datePublished":"2020-07-21T08:47:20+00:00","dateModified":"2020-07-21T11:13:46+00:00","mainEntityOfPage":{"@id":"https:\/\/blog.termetritone.it\/salute-e-benessere\/la-dottoressa-francesca-forestan-e-il-nuovo-direttore-sanitario-dellhotel-tritone\/"},"wordCount":207,"publisher":{"@id":"https:\/\/blog.termetritone.it\/#organization"},"image":{"@id":"https:\/\/blog.termetritone.it\/salute-e-benessere\/la-dottoressa-francesca-forestan-e-il-nuovo-direttore-sanitario-dellhotel-tritone\/#primaryimage"},"thumbnailUrl":"https:\/\/blog.termetritone.it\/wp-content\/uploads\/2020\/07\/direttore-sanitario-FR.jpg","articleSection":["Sant\u00e9 et Bien-\u00eatre","Vie h\u00f4teli\u00e8re"],"inLanguage":"fr-FR"},{"@type":"WebPage","@id":"https:\/\/blog.termetritone.it\/salute-e-benessere\/la-dottoressa-francesca-forestan-e-il-nuovo-direttore-sanitario-dellhotel-tritone\/","url":"https:\/\/blog.termetritone.it\/salute-e-benessere\/la-dottoressa-francesca-forestan-e-il-nuovo-direttore-sanitario-dellhotel-tritone\/","name":"Le Docteur Francesca Forestan est la nouvelle Directrice M\u00e9dicale de l'H\u00f4tel Tritone - Blog Hotel Tritone Terme","isPartOf":{"@id":"https:\/\/blog.termetritone.it\/#website"},"primaryImageOfPage":{"@id":"https:\/\/blog.termetritone.it\/salute-e-benessere\/la-dottoressa-francesca-forestan-e-il-nuovo-direttore-sanitario-dellhotel-tritone\/#primaryimage"},"image":{"@id":"https:\/\/blog.termetritone.it\/salute-e-benessere\/la-dottoressa-francesca-forestan-e-il-nuovo-direttore-sanitario-dellhotel-tritone\/#primaryimage"},"thumbnailUrl":"https:\/\/blog.termetritone.it\/wp-content\/uploads\/2020\/07\/direttore-sanitario-FR.jpg","datePublished":"2020-07-21T08:47:20+00:00","dateModified":"2020-07-21T11:13:46+00:00","description":"L'H\u00f4tel Tritone est heureux d'annoncer que le Docteur Francesca Forestan, m\u00e9decin chirurgien sp\u00e9cialiste du secteur thermal, a accept\u00e9 le poste","breadcrumb":{"@id":"https:\/\/blog.termetritone.it\/salute-e-benessere\/la-dottoressa-francesca-forestan-e-il-nuovo-direttore-sanitario-dellhotel-tritone\/#breadcrumb"},"inLanguage":"fr-FR","potentialAction":[{"@type":"ReadAction","target":["https:\/\/blog.termetritone.it\/salute-e-benessere\/la-dottoressa-francesca-forestan-e-il-nuovo-direttore-sanitario-dellhotel-tritone\/"]}]},{"@type":"ImageObject","inLanguage":"fr-FR","@id":"https:\/\/blog.termetritone.it\/salute-e-benessere\/la-dottoressa-francesca-forestan-e-il-nuovo-direttore-sanitario-dellhotel-tritone\/#primaryimage","url":"https:\/\/blog.termetritone.it\/wp-content\/uploads\/2020\/07\/direttore-sanitario-FR.jpg","contentUrl":"https:\/\/blog.termetritone.it\/wp-content\/uploads\/2020\/07\/direttore-sanitario-FR.jpg","width":1920,"height":1080},{"@type":"BreadcrumbList","@id":"https:\/\/blog.termetritone.it\/salute-e-benessere\/la-dottoressa-francesca-forestan-e-il-nuovo-direttore-sanitario-dellhotel-tritone\/#breadcrumb","itemListElement":[{"@type":"ListItem","position":1,"name":"Home","item":"https:\/\/blog.termetritone.it\/fr\/"},{"@type":"ListItem","position":2,"name":"Le Docteur Francesca Forestan est la nouvelle Directrice M\u00e9dicale de l&#8217;H\u00f4tel Tritone"}]},{"@type":"WebSite","@id":"https:\/\/blog.termetritone.it\/#website","url":"https:\/\/blog.termetritone.it\/","name":"Blog Hotel Tritone Terme","description":"Eleganza e relax senza compromessi","publisher":{"@id":"https:\/\/blog.termetritone.it\/#organization"},"potentialAction":[{"@type":"SearchAction","target":{"@type":"EntryPoint","urlTemplate":"https:\/\/blog.termetritone.it\/?s={search_term_string}"},"query-input":{"@type":"PropertyValueSpecification","valueRequired":true,"valueName":"search_term_string"}}],"inLanguage":"fr-FR"},{"@type":"Organization","@id":"https:\/\/blog.termetritone.it\/#organization","name":"Hotel Tritone Terme - Sethi srl","url":"https:\/\/blog.termetritone.it\/","logo":{"@type":"ImageObject","inLanguage":"fr-FR","@id":"https:\/\/blog.termetritone.it\/#\/schema\/logo\/image\/","url":"https:\/\/blog.termetritone.it\/wp-content\/uploads\/2018\/10\/logo-tritone-small.png","contentUrl":"https:\/\/blog.termetritone.it\/wp-content\/uploads\/2018\/10\/logo-tritone-small.png","width":249,"height":80,"caption":"Hotel Tritone Terme - Sethi srl"},"image":{"@id":"https:\/\/blog.termetritone.it\/#\/schema\/logo\/image\/"},"sameAs":["https:\/\/www.facebook.com\/HotelTritoneTerme\/","https:\/\/x.com\/TermeTritone","https:\/\/www.youtube.com\/channel\/UCBtuO3rJaSxzX_OkEw3niJg"]},{"@type":"Person","@id":"https:\/\/blog.termetritone.it\/#\/schema\/person\/414da071f6d70bca9d0d8ceff19c5315","name":"Luca Bassanello","image":{"@type":"ImageObject","inLanguage":"fr-FR","@id":"https:\/\/secure.gravatar.com\/avatar\/b6919a8f9a19eed40188a61dc7b9e0e067487c173e5e5cecfb267cedf5a141d9?s=96&d=mm&r=g","url":"https:\/\/secure.gravatar.com\/avatar\/b6919a8f9a19eed40188a61dc7b9e0e067487c173e5e5cecfb267cedf5a141d9?s=96&d=mm&r=g","contentUrl":"https:\/\/secure.gravatar.com\/avatar\/b6919a8f9a19eed40188a61dc7b9e0e067487c173e5e5cecfb267cedf5a141d9?s=96&d=mm&r=g","caption":"Luca Bassanello"},"url":"https:\/\/blog.termetritone.it\/fr\/author\/luca\/"}]}},"_links":{"self":[{"href":"https:\/\/blog.termetritone.it\/fr\/wp-json\/wp\/v2\/posts\/4675","targetHints":{"allow":["GET"]}}],"collection":[{"href":"https:\/\/blog.termetritone.it\/fr\/wp-json\/wp\/v2\/posts"}],"about":[{"href":"https:\/\/blog.termetritone.it\/fr\/wp-json\/wp\/v2\/types\/post"}],"author":[{"embeddable":true,"href":"https:\/\/blog.termetritone.it\/fr\/wp-json\/wp\/v2\/users\/2"}],"replies":[{"embeddable":true,"href":"https:\/\/blog.termetritone.it\/fr\/wp-json\/wp\/v2\/comments?post=4675"}],"version-history":[{"count":0,"href":"https:\/\/blog.termetritone.it\/fr\/wp-json\/wp\/v2\/posts\/4675\/revisions"}],"wp:featuredmedia":[{"embeddable":true,"href":"https:\/\/blog.termetritone.it\/fr\/wp-json\/wp\/v2\/media\/4680"}],"wp:attachment":[{"href":"https:\/\/blog.termetritone.it\/fr\/wp-json\/wp\/v2\/media?parent=4675"}],"wp:term":[{"taxonomy":"category","embeddable":true,"href":"https:\/\/blog.termetritone.it\/fr\/wp-json\/wp\/v2\/categories?post=4675"},{"taxonomy":"post_tag","embeddable":true,"href":"https:\/\/blog.termetritone.it\/fr\/wp-json\/wp\/v2\/tags?post=4675"}],"curies":[{"name":"wp","href":"https:\/\/api.w.org\/{rel}","templated":true}]}}