{"id":6749,"date":"2021-05-17T14:00:37","date_gmt":"2021-05-17T12:00:37","guid":{"rendered":"https:\/\/blog.termetritone.it\/?p=6749"},"modified":"2023-11-15T13:33:19","modified_gmt":"2023-11-15T12:33:19","slug":"anello-dei-colli-euganei-le-circuit-des-merveilles","status":"publish","type":"post","link":"https:\/\/blog.termetritone.it\/fr\/territoire\/anello-dei-colli-euganei-le-circuit-des-merveilles\/","title":{"rendered":"Anello dei Colli Euganei : le circuit des merveilles"},"content":{"rendered":"<p>Notre s\u00e9rie \u00ab\u00a0<strong>Voyages Eugan\u00e9ens<\/strong>\u00a0\u00bb commence avec l\u2019un des plus c\u00e9l\u00e8bres itin\u00e9raires de cyclotourisme. Et il ne pouvait en \u00eatre autrement, car ce parcours est l\u2019embl\u00e8me de notre territoire. Seuls ceux qui l\u2019explorent peuvent affirmer avoir d\u00e9couvert toutes les facettes des monts Eugan\u00e9ens. Il existe n\u00e9anmoins plein d\u2019autres parcours, adapt\u00e9s \u00e0 tous, dont nous parlerons dans les prochains num\u00e9ros de la newsletter.<\/p>\n<p>L\u2019itin\u00e9raire <strong>serpente au pied des monts Eugan\u00e9ens<\/strong> et tout autour, et le paysage change \u00e0 chaque coup de p\u00e9dale. Les sommets indiquent le chemin : \u00e0 l\u2019instar des marins qui suivaient la Grande Ours, les excursionnistes ont pour point de rep\u00e8re les multiples<strong> hauteurs d\u2019origine volcanique<\/strong> de ces collines. Le guidon du v\u00e9lo tendra ainsi \u00e0 tourner toujours dans la m\u00eame direction pour \u00ab\u00a0circumnaviguer\u00a0\u00bb ce territoire unique au monde.<\/p>\n<p>&nbsp;<\/p>\n<h3><strong>Le service de location de v\u00e9los disponible \u00e0 l\u2019H\u00f4tel Tritone<\/strong><\/h3>\n<p>Avant de parcourir par les mots l\u2019Anello dei Colli Euganei, nous rappelons aux Clients de l\u2019H\u00f4tel qu\u2019il est possible de <strong>louer des v\u00e9los \u00e9lectriques<\/strong> (ou non) directement \u00e0 la r\u00e9ception, en en faisant la demande au personnel.<\/p>\n<p>Les v\u00e9los sont retir\u00e9s et d\u00e9pos\u00e9s \u00e0 l\u2019H\u00f4tel, et il est en outre possible de t\u00e9l\u00e9charger une <strong>application<\/strong> proposant plusieurs parcours. L\u2019un de ces parcours est justement celui dont nous voulons vous parler, le plus complet mais aussi le plus difficile. De nombreux autres itin\u00e9raires, plus simples et adapt\u00e9s \u00e0 tous les \u00e2ges, seront publi\u00e9s par la suite.<\/p>\n<p>&nbsp;<\/p>\n<h3><strong>L\u2019itin\u00e9raire qui raconte l\u2019histoire, la nature et l\u2019art des monts Eugan\u00e9ens<\/strong><\/h3>\n<p>En partant d\u2019Abano et en parcourant le circuit dans le sens des aiguilles d\u2019une montre, le trajet est jalonn\u00e9 de merveilles qui ne demandent qu\u2019\u00e0 \u00eatre immortalis\u00e9es.<\/p>\n<p>Peu apr\u00e8s le d\u00e9part, on rencontre la <strong>Villa Draghi<\/strong>, qui domine Montegrotto Terme ; puis, dans la zone de Battaglia Terme, le <strong>Castello del Catajo<\/strong>, \u00e9galement appel\u00e9 \u00ab\u00a0le Palais des monts Eugan\u00e9ens\u00a0\u00bb : un <a href=\"https:\/\/blog.termetritone.it\/fr\/territoire\/le-palais-des-monts-euganeens-une-visite-du-chateau-du-catajo\/\" target=\"_blank\" rel=\"noopener noreferrer\">endroit que nous vous avons d\u00e9j\u00e0 recommand\u00e9 dans ce post<\/a>.<\/p>\n<p>La premi\u00e8re triade de merveilles se conclut par la <strong>Villa Emo Capodilista<\/strong> et son incomparable jardin.<\/p>\n<p>En p\u00e9dalant vers le sud, on d\u00e9couvre les deux villes les plus pittoresques de ce circuit de cyclotourisme : Monselice et Este.<\/p>\n<p>Le ch\u00e2teau de <strong>Monselice <\/strong>salue les cyclistes avec majest\u00e9, du haut d\u2019une colline verdoyante. Un panorama qu\u2019on ne r\u00e9siste pas \u00e0 immortaliser et qui tend \u00e0 rester dans le c\u0153ur de ceux qui parcourent cet itin\u00e9raire.<\/p>\n<p>Quant au passage par la commune d\u2019<strong>Este<\/strong>, il offre un v\u00e9ritable voyage dans le temps. Ce qui fascine, c\u2019est le contraste entre la modernit\u00e9 que l\u2019on apporte avec nous (t\u00e9l\u00e9phones portables et v\u00e9los \u00e9lectriques) et le mur d\u2019enceinte qui se d\u00e9ploie lentement, couronn\u00e9 de ses cr\u00e9neaux qui laissent entrevoir des morceaux de ciel.<\/p>\n<p><img loading=\"lazy\" decoding=\"async\" class=\"alignnone size-large wp-image-6750\" src=\"https:\/\/blog.termetritone.it\/wp-content\/uploads\/2021\/05\/02-art.04-fra-1024x576.jpg\" alt=\"\" width=\"800\" height=\"450\" srcset=\"https:\/\/blog.termetritone.it\/wp-content\/uploads\/2021\/05\/02-art.04-fra-1024x576.jpg 1024w, https:\/\/blog.termetritone.it\/wp-content\/uploads\/2021\/05\/02-art.04-fra-300x169.jpg 300w, https:\/\/blog.termetritone.it\/wp-content\/uploads\/2021\/05\/02-art.04-fra-768x432.jpg 768w, https:\/\/blog.termetritone.it\/wp-content\/uploads\/2021\/05\/02-art.04-fra-1536x864.jpg 1536w, https:\/\/blog.termetritone.it\/wp-content\/uploads\/2021\/05\/02-art.04-fra-570x321.jpg 570w, https:\/\/blog.termetritone.it\/wp-content\/uploads\/2021\/05\/02-art.04-fra.jpg 1920w\" sizes=\"auto, (max-width: 800px) 100vw, 800px\" \/><\/p>\n<p>Le parcours se poursuit dans la <strong>campagne padouane<\/strong>, le long de canaux o\u00f9 se refl\u00e8tent les nuages et d\u2019immenses prairies vertes, en compagnie de gracieux h\u00e9rons.<\/p>\n<p>On n\u2019a pas \u00e0 p\u00e9daler longtemps avant de d\u00e9couvrir un autre ch\u00e2teau, celui de <strong>Valbona<\/strong>, qui est lui aussi un vestige de l\u2019\u00e9poque m\u00e9di\u00e9vale.<\/p>\n<p>Alors que le circuit touche \u00e0 sa fin, les cyclistes ont le plaisir d\u2019apercevoir l\u2019<strong>Abbaye de<\/strong><strong> Praglia<\/strong>, autre\u00a0 <a href=\"https:\/\/blog.termetritone.it\/fr\/territoire\/une-visite-de-labbaye-de-praglia-lun-des-plus-beaux-monasteres-des-monts-euganeens\/\" target=\"_blank\" rel=\"noopener noreferrer\"><u>lieu \u00e0 visiter<\/u><\/a> que l\u2019on a d\u00e9j\u00e0 \u00e9voqu\u00e9 dans ce blog, \u00e0 quelques minutes seulement de l\u2019H\u00f4tel Tritone. On y trouve une biblioth\u00e8que tr\u00e8s ancienne et une boutique de produits naturels r\u00e9alis\u00e9s par les moines.<\/p>\n<p>De retour \u00e0 Abano, vous pouvez laisser vos v\u00e9los \u00e9lectriques \u00e0 l\u2019H\u00f4tel et vous relaxer dans votre chambre, puis au <a href=\"https:\/\/blog.termetritone.it\/fr\/thermae-e-spa-fr\/le-nouveau-spa-de-lhotel-tritone-un-parcours-emotionnel-inspire-darqua-petrarca\/\" target=\"_blank\" rel=\"noopener noreferrer\"><strong>Spa Arqu\u00e0 Petrarca<\/strong><\/a>, qui porte justement le nom d\u2019un des villages de nos magnifiques monts Eugan\u00e9ens.<\/p>\n<p>&nbsp;<\/p>\n<h3><strong>Informations techniques<\/strong><\/h3>\n<p>D\u00e9part\/Arriv\u00e9e : Abano Terme (PD).<\/p>\n<p>Longueur : 73 km.<\/p>\n<p>D\u00e9nivel\u00e9 : 200 m.<\/p>\n<p>Dur\u00e9e du parcours : 5\/6 h.<\/p>\n<p>Difficult\u00e9 technique : difficile.<\/p>\n<p>P\u00e9riode id\u00e9ale : de mars \u00e0 d\u00e9cembre.<\/p>\n<p>Remarques : circuit non indiqu\u00e9 pour les enfants de moins de 14 ans.<\/p>\n<p>&nbsp;<\/p>\n<p><em>Pour parcourir l\u2019Anello dei Colli Euganei au cours de votre prochain s\u00e9jour \u00e0 l\u2019H\u00f4tel Tritone, vous pouvez \u00e9crire <\/em><a href=\"https:\/\/www.termetritone.it\/fr\/default.aspx#anchor_contact\" target=\"_blank\" rel=\"noopener noreferrer\"><em>ici<\/em><\/a><em>\u00a0ou appeler le (+39) 049 8668099<\/em><\/p>\n","protected":false},"excerpt":{"rendered":"<p>Notre s\u00e9rie \u00ab\u00a0Voyages Eugan\u00e9ens\u00a0\u00bb commence avec l\u2019un des plus c\u00e9l\u00e8bres itin\u00e9raires de cyclotourisme. Et il ne pouvait en \u00eatre autrement, car ce parcours est l\u2019embl\u00e8me de notre territoire. Seuls ceux qui l\u2019explorent peuvent affirmer avoir d\u00e9couvert toutes les facettes des monts Eugan\u00e9ens. Il existe n\u00e9anmoins plein d\u2019autres parcours, adapt\u00e9s \u00e0 tous, dont nous parlerons dans&hellip;<\/p>\n","protected":false},"author":2,"featured_media":6754,"comment_status":"closed","ping_status":"closed","sticky":false,"template":"","format":"standard","meta":{"_acf_changed":false,"footnotes":""},"categories":[76,24],"tags":[],"class_list":["post-6749","post","type-post","status-publish","format-standard","has-post-thumbnail","hentry","category-golf-et-sports","category-territoire"],"acf":[],"yoast_head":"<!-- This site is optimized with the Yoast SEO plugin v27.2 - https:\/\/yoast.com\/product\/yoast-seo-wordpress\/ -->\n<title>Anello dei Colli Euganei : le circuit des merveilles - Blog Hotel Tritone Terme<\/title>\n<meta name=\"description\" content=\"Notre s\u00e9rie \u00ab\u00a0Voyages Eugan\u00e9ens\u00a0\u00bb commence avec l\u2019un des plus c\u00e9l\u00e8bres itin\u00e9raires de cyclotourisme. Et il ne pouvait en \u00eatre autrement, car ce parcours\" \/>\n<meta name=\"robots\" content=\"index, follow, max-snippet:-1, max-image-preview:large, max-video-preview:-1\" \/>\n<link rel=\"canonical\" href=\"https:\/\/blog.termetritone.it\/fr\/territoire\/anello-dei-colli-euganei-le-circuit-des-merveilles\/\" \/>\n<meta property=\"og:locale\" content=\"fr_FR\" \/>\n<meta property=\"og:type\" content=\"article\" \/>\n<meta property=\"og:title\" content=\"Anello dei Colli Euganei : le circuit des merveilles - Blog Hotel Tritone Terme\" \/>\n<meta property=\"og:description\" content=\"Notre s\u00e9rie \u00ab\u00a0Voyages Eugan\u00e9ens\u00a0\u00bb commence avec l\u2019un des plus c\u00e9l\u00e8bres itin\u00e9raires de cyclotourisme. Et il ne pouvait en \u00eatre autrement, car ce parcours\" \/>\n<meta property=\"og:url\" content=\"https:\/\/blog.termetritone.it\/fr\/territoire\/anello-dei-colli-euganei-le-circuit-des-merveilles\/\" \/>\n<meta property=\"og:site_name\" content=\"Blog Hotel Tritone Terme\" \/>\n<meta property=\"article:publisher\" content=\"https:\/\/www.facebook.com\/HotelTritoneTerme\/\" \/>\n<meta property=\"article:published_time\" content=\"2021-05-17T12:00:37+00:00\" \/>\n<meta property=\"article:modified_time\" content=\"2023-11-15T12:33:19+00:00\" \/>\n<meta property=\"og:image\" content=\"https:\/\/blog.termetritone.it\/wp-content\/uploads\/2021\/05\/01-art.04-fra.jpg\" \/>\n\t<meta property=\"og:image:width\" content=\"1920\" \/>\n\t<meta property=\"og:image:height\" content=\"1080\" \/>\n\t<meta property=\"og:image:type\" content=\"image\/jpeg\" \/>\n<meta name=\"author\" content=\"Luca Bassanello\" \/>\n<meta name=\"twitter:card\" content=\"summary_large_image\" \/>\n<meta name=\"twitter:creator\" content=\"@TermeTritone\" \/>\n<meta name=\"twitter:site\" content=\"@TermeTritone\" \/>\n<meta name=\"twitter:label1\" content=\"\u00c9crit par\" \/>\n\t<meta name=\"twitter:data1\" content=\"Luca Bassanello\" \/>\n\t<meta name=\"twitter:label2\" content=\"Dur\u00e9e de lecture estim\u00e9e\" \/>\n\t<meta name=\"twitter:data2\" content=\"4 minutes\" \/>\n<!-- \/ Yoast SEO plugin. -->","yoast_head_json":{"title":"Anello dei Colli Euganei : le circuit des merveilles - Blog Hotel Tritone Terme","description":"Notre s\u00e9rie \u00ab\u00a0Voyages Eugan\u00e9ens\u00a0\u00bb commence avec l\u2019un des plus c\u00e9l\u00e8bres itin\u00e9raires de cyclotourisme. Et il ne pouvait en \u00eatre autrement, car ce parcours","robots":{"index":"index","follow":"follow","max-snippet":"max-snippet:-1","max-image-preview":"max-image-preview:large","max-video-preview":"max-video-preview:-1"},"canonical":"https:\/\/blog.termetritone.it\/fr\/territoire\/anello-dei-colli-euganei-le-circuit-des-merveilles\/","og_locale":"fr_FR","og_type":"article","og_title":"Anello dei Colli Euganei : le circuit des merveilles - Blog Hotel Tritone Terme","og_description":"Notre s\u00e9rie \u00ab\u00a0Voyages Eugan\u00e9ens\u00a0\u00bb commence avec l\u2019un des plus c\u00e9l\u00e8bres itin\u00e9raires de cyclotourisme. Et il ne pouvait en \u00eatre autrement, car ce parcours","og_url":"https:\/\/blog.termetritone.it\/fr\/territoire\/anello-dei-colli-euganei-le-circuit-des-merveilles\/","og_site_name":"Blog Hotel Tritone Terme","article_publisher":"https:\/\/www.facebook.com\/HotelTritoneTerme\/","article_published_time":"2021-05-17T12:00:37+00:00","article_modified_time":"2023-11-15T12:33:19+00:00","og_image":[{"width":1920,"height":1080,"url":"https:\/\/blog.termetritone.it\/wp-content\/uploads\/2021\/05\/01-art.04-fra.jpg","type":"image\/jpeg"}],"author":"Luca Bassanello","twitter_card":"summary_large_image","twitter_creator":"@TermeTritone","twitter_site":"@TermeTritone","twitter_misc":{"\u00c9crit par":"Luca Bassanello","Dur\u00e9e de lecture estim\u00e9e":"4 minutes"},"schema":{"@context":"https:\/\/schema.org","@graph":[{"@type":"Article","@id":"https:\/\/blog.termetritone.it\/fr\/territoire\/anello-dei-colli-euganei-le-circuit-des-merveilles\/#article","isPartOf":{"@id":"https:\/\/blog.termetritone.it\/fr\/territoire\/anello-dei-colli-euganei-le-circuit-des-merveilles\/"},"author":{"name":"Luca Bassanello","@id":"https:\/\/blog.termetritone.it\/#\/schema\/person\/414da071f6d70bca9d0d8ceff19c5315"},"headline":"Anello dei Colli Euganei : le circuit des merveilles","datePublished":"2021-05-17T12:00:37+00:00","dateModified":"2023-11-15T12:33:19+00:00","mainEntityOfPage":{"@id":"https:\/\/blog.termetritone.it\/fr\/territoire\/anello-dei-colli-euganei-le-circuit-des-merveilles\/"},"wordCount":742,"publisher":{"@id":"https:\/\/blog.termetritone.it\/#organization"},"image":{"@id":"https:\/\/blog.termetritone.it\/fr\/territoire\/anello-dei-colli-euganei-le-circuit-des-merveilles\/#primaryimage"},"thumbnailUrl":"https:\/\/blog.termetritone.it\/wp-content\/uploads\/2021\/05\/01-art.04-fra.jpg","articleSection":["Golf et Sports","Territoire"],"inLanguage":"fr-FR"},{"@type":"WebPage","@id":"https:\/\/blog.termetritone.it\/fr\/territoire\/anello-dei-colli-euganei-le-circuit-des-merveilles\/","url":"https:\/\/blog.termetritone.it\/fr\/territoire\/anello-dei-colli-euganei-le-circuit-des-merveilles\/","name":"Anello dei Colli Euganei : le circuit des merveilles - Blog Hotel Tritone Terme","isPartOf":{"@id":"https:\/\/blog.termetritone.it\/#website"},"primaryImageOfPage":{"@id":"https:\/\/blog.termetritone.it\/fr\/territoire\/anello-dei-colli-euganei-le-circuit-des-merveilles\/#primaryimage"},"image":{"@id":"https:\/\/blog.termetritone.it\/fr\/territoire\/anello-dei-colli-euganei-le-circuit-des-merveilles\/#primaryimage"},"thumbnailUrl":"https:\/\/blog.termetritone.it\/wp-content\/uploads\/2021\/05\/01-art.04-fra.jpg","datePublished":"2021-05-17T12:00:37+00:00","dateModified":"2023-11-15T12:33:19+00:00","description":"Notre s\u00e9rie \u00ab\u00a0Voyages Eugan\u00e9ens\u00a0\u00bb commence avec l\u2019un des plus c\u00e9l\u00e8bres itin\u00e9raires de cyclotourisme. Et il ne pouvait en \u00eatre autrement, car ce parcours","breadcrumb":{"@id":"https:\/\/blog.termetritone.it\/fr\/territoire\/anello-dei-colli-euganei-le-circuit-des-merveilles\/#breadcrumb"},"inLanguage":"fr-FR","potentialAction":[{"@type":"ReadAction","target":["https:\/\/blog.termetritone.it\/fr\/territoire\/anello-dei-colli-euganei-le-circuit-des-merveilles\/"]}]},{"@type":"ImageObject","inLanguage":"fr-FR","@id":"https:\/\/blog.termetritone.it\/fr\/territoire\/anello-dei-colli-euganei-le-circuit-des-merveilles\/#primaryimage","url":"https:\/\/blog.termetritone.it\/wp-content\/uploads\/2021\/05\/01-art.04-fra.jpg","contentUrl":"https:\/\/blog.termetritone.it\/wp-content\/uploads\/2021\/05\/01-art.04-fra.jpg","width":1920,"height":1080},{"@type":"BreadcrumbList","@id":"https:\/\/blog.termetritone.it\/fr\/territoire\/anello-dei-colli-euganei-le-circuit-des-merveilles\/#breadcrumb","itemListElement":[{"@type":"ListItem","position":1,"name":"Home","item":"https:\/\/blog.termetritone.it\/fr\/"},{"@type":"ListItem","position":2,"name":"Anello dei Colli Euganei : le circuit des merveilles"}]},{"@type":"WebSite","@id":"https:\/\/blog.termetritone.it\/#website","url":"https:\/\/blog.termetritone.it\/","name":"Blog Hotel Tritone Terme","description":"Eleganza e relax senza compromessi","publisher":{"@id":"https:\/\/blog.termetritone.it\/#organization"},"potentialAction":[{"@type":"SearchAction","target":{"@type":"EntryPoint","urlTemplate":"https:\/\/blog.termetritone.it\/?s={search_term_string}"},"query-input":{"@type":"PropertyValueSpecification","valueRequired":true,"valueName":"search_term_string"}}],"inLanguage":"fr-FR"},{"@type":"Organization","@id":"https:\/\/blog.termetritone.it\/#organization","name":"Hotel Tritone Terme - Sethi srl","url":"https:\/\/blog.termetritone.it\/","logo":{"@type":"ImageObject","inLanguage":"fr-FR","@id":"https:\/\/blog.termetritone.it\/#\/schema\/logo\/image\/","url":"https:\/\/blog.termetritone.it\/wp-content\/uploads\/2018\/10\/logo-tritone-small.png","contentUrl":"https:\/\/blog.termetritone.it\/wp-content\/uploads\/2018\/10\/logo-tritone-small.png","width":249,"height":80,"caption":"Hotel Tritone Terme - Sethi srl"},"image":{"@id":"https:\/\/blog.termetritone.it\/#\/schema\/logo\/image\/"},"sameAs":["https:\/\/www.facebook.com\/HotelTritoneTerme\/","https:\/\/x.com\/TermeTritone","https:\/\/www.youtube.com\/channel\/UCBtuO3rJaSxzX_OkEw3niJg"]},{"@type":"Person","@id":"https:\/\/blog.termetritone.it\/#\/schema\/person\/414da071f6d70bca9d0d8ceff19c5315","name":"Luca Bassanello","image":{"@type":"ImageObject","inLanguage":"fr-FR","@id":"https:\/\/secure.gravatar.com\/avatar\/b6919a8f9a19eed40188a61dc7b9e0e067487c173e5e5cecfb267cedf5a141d9?s=96&d=mm&r=g","url":"https:\/\/secure.gravatar.com\/avatar\/b6919a8f9a19eed40188a61dc7b9e0e067487c173e5e5cecfb267cedf5a141d9?s=96&d=mm&r=g","contentUrl":"https:\/\/secure.gravatar.com\/avatar\/b6919a8f9a19eed40188a61dc7b9e0e067487c173e5e5cecfb267cedf5a141d9?s=96&d=mm&r=g","caption":"Luca Bassanello"},"url":"https:\/\/blog.termetritone.it\/fr\/author\/luca\/"}]}},"_links":{"self":[{"href":"https:\/\/blog.termetritone.it\/fr\/wp-json\/wp\/v2\/posts\/6749","targetHints":{"allow":["GET"]}}],"collection":[{"href":"https:\/\/blog.termetritone.it\/fr\/wp-json\/wp\/v2\/posts"}],"about":[{"href":"https:\/\/blog.termetritone.it\/fr\/wp-json\/wp\/v2\/types\/post"}],"author":[{"embeddable":true,"href":"https:\/\/blog.termetritone.it\/fr\/wp-json\/wp\/v2\/users\/2"}],"replies":[{"embeddable":true,"href":"https:\/\/blog.termetritone.it\/fr\/wp-json\/wp\/v2\/comments?post=6749"}],"version-history":[{"count":1,"href":"https:\/\/blog.termetritone.it\/fr\/wp-json\/wp\/v2\/posts\/6749\/revisions"}],"predecessor-version":[{"id":13310,"href":"https:\/\/blog.termetritone.it\/fr\/wp-json\/wp\/v2\/posts\/6749\/revisions\/13310"}],"wp:featuredmedia":[{"embeddable":true,"href":"https:\/\/blog.termetritone.it\/fr\/wp-json\/wp\/v2\/media\/6754"}],"wp:attachment":[{"href":"https:\/\/blog.termetritone.it\/fr\/wp-json\/wp\/v2\/media?parent=6749"}],"wp:term":[{"taxonomy":"category","embeddable":true,"href":"https:\/\/blog.termetritone.it\/fr\/wp-json\/wp\/v2\/categories?post=6749"},{"taxonomy":"post_tag","embeddable":true,"href":"https:\/\/blog.termetritone.it\/fr\/wp-json\/wp\/v2\/tags?post=6749"}],"curies":[{"name":"wp","href":"https:\/\/api.w.org\/{rel}","templated":true}]}}