{"id":7596,"date":"2021-09-21T12:31:17","date_gmt":"2021-09-21T10:31:17","guid":{"rendered":"https:\/\/blog.termetritone.it\/?p=7596"},"modified":"2023-11-15T13:34:59","modified_gmt":"2023-11-15T12:34:59","slug":"un-voyage-a-velo-dans-le-passe-darqua-petrarca","status":"publish","type":"post","link":"https:\/\/blog.termetritone.it\/fr\/territoire\/un-voyage-a-velo-dans-le-passe-darqua-petrarca\/","title":{"rendered":"Un voyage \u00e0 v\u00e9lo dans le pass\u00e9 d&rsquo;Arqu\u00e0 Petrarca"},"content":{"rendered":"<p><span style=\"font-weight: 400;\">Il existe mille mani\u00e8res d&rsquo;explorer les monts Eugan\u00e9ens et tout autant de parcours \u00e0 entreprendre pour en conna\u00eetre chaque coin. Dans la s\u00e9rie \u00ab <\/span><b>Voyages Eugan\u00e9ens<\/b><span style=\"font-weight: 400;\"> \u00bb, nous vous proposons d&rsquo;utiliser un moyen de transport particulier, id\u00e9al pour les voyages lents et r\u00eaveurs : le <\/span><b>v\u00e9lo<\/b><span style=\"font-weight: 400;\">.<\/span><\/p>\n<p><span style=\"font-weight: 400;\">Les v\u00e9los sont <\/span><b>disponibles \u00e0 l\u2019H\u00f4tel Tritone<\/b><span style=\"font-weight: 400;\">\u00a0: les clients peuvent les r\u00e9server \u00e0 la r\u00e9ception, puis les r\u00e9cup\u00e9rer et les ramener \u00e0 l\u2019H\u00f4tel. Il s&rsquo;agit d&rsquo;<\/span><b>e-bikes<\/b><span style=\"font-weight: 400;\">, qui sont notamment adapt\u00e9s pour les personnes moins entra\u00een\u00e9es, en particulier pour les longs trajets.<\/span><\/p>\n<p><span style=\"font-weight: 400;\">Le parcours que nous vous proposons, qui serpente dans les monts Eugan\u00e9ens sur presque <\/span><b>30 km<\/b><span style=\"font-weight: 400;\"> et part de la <\/span><b>Piazza Capitello de Torreglia<\/b><span style=\"font-weight: 400;\">, est parfait pour vivre une exp\u00e9rience relaxante. La commune de Torreglia est situ\u00e9e \u00e0 seulement 5,5 km de l&rsquo;H\u00f4tel, qu&rsquo;il faut donc ajouter au nombre total de kilom\u00e8tres du parcours.<\/span><\/p>\n<p><span style=\"font-weight: 400;\">La destination de ce voyage est le charmant village d&rsquo;Arqu\u00e0 Petrarca.<\/span><\/p>\n<p>&nbsp;<\/p>\n<h3><b>LE PARCOURS COMMENCE AU C\u0152UR DES PAYSAGES DE TORREGLIA<\/b><\/h3>\n<p><img loading=\"lazy\" decoding=\"async\" class=\"alignnone size-large wp-image-7363\" src=\"https:\/\/blog.termetritone.it\/wp-content\/uploads\/2021\/09\/villadeivescoviTorreglia-1024x683.jpg\" alt=\"Torreglia\" width=\"800\" height=\"534\" srcset=\"https:\/\/blog.termetritone.it\/wp-content\/uploads\/2021\/09\/villadeivescoviTorreglia-1024x683.jpg 1024w, https:\/\/blog.termetritone.it\/wp-content\/uploads\/2021\/09\/villadeivescoviTorreglia-300x200.jpg 300w, https:\/\/blog.termetritone.it\/wp-content\/uploads\/2021\/09\/villadeivescoviTorreglia-768x513.jpg 768w, https:\/\/blog.termetritone.it\/wp-content\/uploads\/2021\/09\/villadeivescoviTorreglia-1536x1025.jpg 1536w, https:\/\/blog.termetritone.it\/wp-content\/uploads\/2021\/09\/villadeivescoviTorreglia-2048x1367.jpg 2048w, https:\/\/blog.termetritone.it\/wp-content\/uploads\/2021\/09\/villadeivescoviTorreglia-570x380.jpg 570w\" sizes=\"auto, (max-width: 800px) 100vw, 800px\" \/><\/p>\n<p><span style=\"font-weight: 400;\">En partant de Piazza Capitello, il faut prendre la route provinciale 25 en direction de Galzignano Terme, \u00e9tape interm\u00e9diaire du parcours. Le paysage se fait de plus en plus bucolique, et les routes suivent le profil des montagnes. On aper\u00e7oit, par intermittence, de grands <\/span><b>vignobles<\/b><span style=\"font-weight: 400;\"> et des coteaux recouverts d&rsquo;<\/span><b>oliviers<\/b><span style=\"font-weight: 400;\">. Lorsque les cultures font place \u00e0 la for\u00eat, le paysage devient encore plus idyllique, jusqu\u2019\u00e0 ce que l&rsquo;on arrive \u00e0 Galzignano.<\/span><\/p>\n<p>&nbsp;<\/p>\n<h3><b>GALZIGNANO TERME : LE MUS\u00c9E ET LE GOLF CLUB\u00a0<\/b><\/h3>\n<p><span style=\"font-weight: 400;\">Le village de Galzignano est l&rsquo;occasion de faire une pause et, \u00e9ventuellement, de visiter le <\/span><b>Mus\u00e9e des monts Eugan\u00e9ens<\/b><span style=\"font-weight: 400;\">. \u00c9tant donn\u00e9 que c&rsquo;est un petit mus\u00e9e, il peut facilement \u00eatre visit\u00e9 au cours d&rsquo;une excursion \u00e0 v\u00e9lo. Il raconte la nature des monts Eugan\u00e9ens du point de vue arch\u00e9ologique et ornithologique.<\/span><\/p>\n<p><span style=\"font-weight: 400;\">Apr\u00e8s cette \u00e9tape, il faut prendre la route provinciale 25d qui conduit notamment au <\/span><b>Golf Club Padova<\/b><span style=\"font-weight: 400;\">. <\/span><span style=\"font-weight: 400;\">Nous avons d\u00e9j\u00e0 \u00e9voqu\u00e9 dans <a href=\"https:\/\/blog.termetritone.it\/fr\/thermae-e-spa-fr\/le-golf-un-sport-qui-ennoblit-corps-et-esprit\/\" target=\"_blank\" rel=\"noopener noreferrer\">l&rsquo;article consacr\u00e9 au golf<\/a> cette structure associ\u00e9e, tout comme deux autres structures, \u00e0 l\u2019H\u00f4tel Tritone.<\/span><span style=\"font-weight: 400;\"> Depuis la piste cyclable, on aper\u00e7oit quelques <\/span><i><span style=\"font-weight: 400;\">pars<\/span><\/i><span style=\"font-weight: 400;\">, qui s\u2019\u00e9loignent \u00e0 mesure que l&rsquo;on se rapproche de l\u2019une des villas les plus spectaculaires des monts Eugan\u00e9ens.<\/span><\/p>\n<p>&nbsp;<\/p>\n<h3><b>UN LIEU FABULEUX ET PR\u00c9SERV\u00c9 : LE DOMAINE VALSANZIBIO<\/b><\/h3>\n<p><img loading=\"lazy\" decoding=\"async\" class=\"alignnone size-large wp-image-7367\" src=\"https:\/\/blog.termetritone.it\/wp-content\/uploads\/2021\/09\/villabarbarigo-1024x576.jpg\" alt=\"Villa Barbarigo\" width=\"800\" height=\"450\" srcset=\"https:\/\/blog.termetritone.it\/wp-content\/uploads\/2021\/09\/villabarbarigo-1024x576.jpg 1024w, https:\/\/blog.termetritone.it\/wp-content\/uploads\/2021\/09\/villabarbarigo-300x169.jpg 300w, https:\/\/blog.termetritone.it\/wp-content\/uploads\/2021\/09\/villabarbarigo-768x432.jpg 768w, https:\/\/blog.termetritone.it\/wp-content\/uploads\/2021\/09\/villabarbarigo-1536x864.jpg 1536w, https:\/\/blog.termetritone.it\/wp-content\/uploads\/2021\/09\/villabarbarigo-570x321.jpg 570w, https:\/\/blog.termetritone.it\/wp-content\/uploads\/2021\/09\/villabarbarigo.jpg 1920w\" sizes=\"auto, (max-width: 800px) 100vw, 800px\" \/><\/p>\n<p><span style=\"font-weight: 400;\">La Villa Barbarigo Pizzoni Ardemani est une \u00e9tape qui m\u00e9riterait qu&rsquo;on vienne sp\u00e9cialement pour la visiter. Ce qui enchante le plus les visiteurs, c&rsquo;est le <\/span><b>jardin \u00e0 l&rsquo;italienne<\/b><span style=\"font-weight: 400;\"> : un lieu magique, orn\u00e9 de statues et de fontaines et d&rsquo;un labyrinthe plein de symboles antiques.\u00a0<\/span><\/p>\n<p><span style=\"font-weight: 400;\">Vous pouvez toujours, au cours de cette excursion, vous arr\u00eater devant la partie de la villa qui donne sur la route et admirer cet avant-go\u00fbt d&rsquo;une future visite. Il faut ensuite poursuivre sur la m\u00eame route, jusqu&rsquo;\u00e0 croiser la rue Costa, facilement reconnaissable en raison du <\/span><b>petit lac<\/b><span style=\"font-weight: 400;\"> du m\u00eame nom. De l\u00e0, on continue sur la route provinciale 16, qui conduit jusqu&rsquo;\u00e0 notre destination.<\/span><\/p>\n<p>&nbsp;<\/p>\n<h3><b>UN JOYAU NICH\u00c9 DANS LES MONTS EUGAN\u00c9ENS : ARQU\u00c0 PETRARCA<\/b><\/h3>\n<p><span style=\"font-weight: 400;\">Arriv\u00e9s \u00e0 Arqu\u00e0 Petrarca, on p\u00e9dale sur des petites routes pav\u00e9es qui nous font remonter le temps, jusqu&rsquo;\u00e0 l&rsquo;\u00e9poque du grand po\u00e8te P\u00e9trarque, qui y passa les derni\u00e8res ann\u00e9es de sa vie.<\/span><\/p>\n<p>&nbsp;<\/p>\n<p><img loading=\"lazy\" decoding=\"async\" class=\"alignnone size-large wp-image-7634\" src=\"https:\/\/blog.termetritone.it\/wp-content\/uploads\/2021\/09\/VillaggioArqua\u0300Petrarca-1024x576.jpg\" alt=\"VillaggioArqu\u00e0\" width=\"800\" height=\"450\" srcset=\"https:\/\/blog.termetritone.it\/wp-content\/uploads\/2021\/09\/VillaggioArqua\u0300Petrarca-1024x576.jpg 1024w, https:\/\/blog.termetritone.it\/wp-content\/uploads\/2021\/09\/VillaggioArqua\u0300Petrarca-300x169.jpg 300w, https:\/\/blog.termetritone.it\/wp-content\/uploads\/2021\/09\/VillaggioArqua\u0300Petrarca-768x432.jpg 768w, https:\/\/blog.termetritone.it\/wp-content\/uploads\/2021\/09\/VillaggioArqua\u0300Petrarca-1536x864.jpg 1536w, https:\/\/blog.termetritone.it\/wp-content\/uploads\/2021\/09\/VillaggioArqua\u0300Petrarca-570x321.jpg 570w, https:\/\/blog.termetritone.it\/wp-content\/uploads\/2021\/09\/VillaggioArqua\u0300Petrarca.jpg 1920w\" sizes=\"auto, (max-width: 800px) 100vw, 800px\" \/><\/p>\n<p>&nbsp;<\/p>\n<p><span style=\"font-weight: 400;\">Nous avons consacr\u00e9 un <\/span><a href=\"https:\/\/blog.termetritone.it\/fr\/territoire\/arqua-petrarca-est-lun-des-plus-beaux-bourgs-ditalie-une-journee-avec-le-poete\/\" target=\"_blank\" rel=\"noopener noreferrer\"><span style=\"font-weight: 400;\">article \u00e0 Arqu\u00e0 Petrarca<\/span><\/a><span style=\"font-weight: 400;\">, village qui donne d&rsquo;ailleurs son nom au Spa de notre H\u00f4tel. Pour revenir, il faut prendre le m\u00eame itin\u00e9raire en sens inverse, en r\u00eavant \u00e0 de d\u00e9licieux moments de d\u00e9tente dans les espaces de notre Spa.<\/span><\/p>\n<p>&nbsp;<\/p>\n<p><i><span style=\"font-weight: 400;\">Pour explorer les monts Eugan\u00e9ens et r\u00e9server votre prochain s\u00e9jour \u00e0 l\u2019H\u00f4tel Tritone, vous pouvez \u00e9crire <\/span><\/i><a href=\"https:\/\/www.termetritone.it\/fr\/demande.aspx\" target=\"_blank\" rel=\"noopener noreferrer\"><i><span style=\"font-weight: 400;\">ici<\/span><\/i><\/a><i><span style=\"font-weight: 400;\"> ou appeler le (+39) 049 8668099<\/span><\/i><span style=\"font-weight: 400;\">\u00a0<\/span><\/p>\n","protected":false},"excerpt":{"rendered":"<p>Il existe mille mani\u00e8res d&rsquo;explorer les monts Eugan\u00e9ens et tout autant de parcours \u00e0 entreprendre pour en conna\u00eetre chaque coin. Dans la s\u00e9rie \u00ab Voyages Eugan\u00e9ens \u00bb, nous vous proposons d&rsquo;utiliser un moyen de transport particulier, id\u00e9al pour les voyages lents et r\u00eaveurs : le v\u00e9lo. Les v\u00e9los sont disponibles \u00e0 l\u2019H\u00f4tel Tritone\u00a0: les clients&hellip;<\/p>\n","protected":false},"author":2,"featured_media":7597,"comment_status":"closed","ping_status":"closed","sticky":false,"template":"","format":"standard","meta":{"_acf_changed":false,"footnotes":""},"categories":[76,24],"tags":[],"class_list":["post-7596","post","type-post","status-publish","format-standard","has-post-thumbnail","hentry","category-golf-et-sports","category-territoire"],"acf":[],"yoast_head":"<!-- This site is optimized with the Yoast SEO plugin v27.2 - https:\/\/yoast.com\/product\/yoast-seo-wordpress\/ -->\n<title>Un voyage \u00e0 v\u00e9lo dans le pass\u00e9 d&#039;Arqu\u00e0 Petrarca - Blog Hotel Tritone Terme<\/title>\n<meta name=\"description\" content=\"Il existe mille mani\u00e8res d&#039;explorer les monts Eugan\u00e9ens et tout autant de parcours \u00e0 entreprendre pour en conna\u00eetre chaque coin. Dans la s\u00e9rie \u00ab Voyages\" \/>\n<meta name=\"robots\" content=\"index, follow, max-snippet:-1, max-image-preview:large, max-video-preview:-1\" \/>\n<link rel=\"canonical\" href=\"https:\/\/blog.termetritone.it\/fr\/territoire\/un-voyage-a-velo-dans-le-passe-darqua-petrarca\/\" \/>\n<meta property=\"og:locale\" content=\"fr_FR\" \/>\n<meta property=\"og:type\" content=\"article\" \/>\n<meta property=\"og:title\" content=\"Un voyage \u00e0 v\u00e9lo dans le pass\u00e9 d&#039;Arqu\u00e0 Petrarca - Blog Hotel Tritone Terme\" \/>\n<meta property=\"og:description\" content=\"Il existe mille mani\u00e8res d&#039;explorer les monts Eugan\u00e9ens et tout autant de parcours \u00e0 entreprendre pour en conna\u00eetre chaque coin. Dans la s\u00e9rie \u00ab Voyages\" \/>\n<meta property=\"og:url\" content=\"https:\/\/blog.termetritone.it\/fr\/territoire\/un-voyage-a-velo-dans-le-passe-darqua-petrarca\/\" \/>\n<meta property=\"og:site_name\" content=\"Blog Hotel Tritone Terme\" \/>\n<meta property=\"article:publisher\" content=\"https:\/\/www.facebook.com\/HotelTritoneTerme\/\" \/>\n<meta property=\"article:published_time\" content=\"2021-09-21T10:31:17+00:00\" \/>\n<meta property=\"article:modified_time\" content=\"2023-11-15T12:34:59+00:00\" \/>\n<meta property=\"og:image\" content=\"https:\/\/blog.termetritone.it\/wp-content\/uploads\/2021\/09\/ARQUa\u0300-FR.jpg\" \/>\n\t<meta property=\"og:image:width\" content=\"1920\" \/>\n\t<meta property=\"og:image:height\" content=\"1080\" \/>\n\t<meta property=\"og:image:type\" content=\"image\/jpeg\" \/>\n<meta name=\"author\" content=\"Luca Bassanello\" \/>\n<meta name=\"twitter:card\" content=\"summary_large_image\" \/>\n<meta name=\"twitter:creator\" content=\"@TermeTritone\" \/>\n<meta name=\"twitter:site\" content=\"@TermeTritone\" \/>\n<meta name=\"twitter:label1\" content=\"\u00c9crit par\" \/>\n\t<meta name=\"twitter:data1\" content=\"Luca Bassanello\" \/>\n\t<meta name=\"twitter:label2\" content=\"Dur\u00e9e de lecture estim\u00e9e\" \/>\n\t<meta name=\"twitter:data2\" content=\"3 minutes\" \/>\n<!-- \/ Yoast SEO plugin. -->","yoast_head_json":{"title":"Un voyage \u00e0 v\u00e9lo dans le pass\u00e9 d'Arqu\u00e0 Petrarca - Blog Hotel Tritone Terme","description":"Il existe mille mani\u00e8res d'explorer les monts Eugan\u00e9ens et tout autant de parcours \u00e0 entreprendre pour en conna\u00eetre chaque coin. Dans la s\u00e9rie \u00ab Voyages","robots":{"index":"index","follow":"follow","max-snippet":"max-snippet:-1","max-image-preview":"max-image-preview:large","max-video-preview":"max-video-preview:-1"},"canonical":"https:\/\/blog.termetritone.it\/fr\/territoire\/un-voyage-a-velo-dans-le-passe-darqua-petrarca\/","og_locale":"fr_FR","og_type":"article","og_title":"Un voyage \u00e0 v\u00e9lo dans le pass\u00e9 d'Arqu\u00e0 Petrarca - Blog Hotel Tritone Terme","og_description":"Il existe mille mani\u00e8res d'explorer les monts Eugan\u00e9ens et tout autant de parcours \u00e0 entreprendre pour en conna\u00eetre chaque coin. Dans la s\u00e9rie \u00ab Voyages","og_url":"https:\/\/blog.termetritone.it\/fr\/territoire\/un-voyage-a-velo-dans-le-passe-darqua-petrarca\/","og_site_name":"Blog Hotel Tritone Terme","article_publisher":"https:\/\/www.facebook.com\/HotelTritoneTerme\/","article_published_time":"2021-09-21T10:31:17+00:00","article_modified_time":"2023-11-15T12:34:59+00:00","og_image":[{"width":1920,"height":1080,"url":"https:\/\/blog.termetritone.it\/wp-content\/uploads\/2021\/09\/ARQUa\u0300-FR.jpg","type":"image\/jpeg"}],"author":"Luca Bassanello","twitter_card":"summary_large_image","twitter_creator":"@TermeTritone","twitter_site":"@TermeTritone","twitter_misc":{"\u00c9crit par":"Luca Bassanello","Dur\u00e9e de lecture estim\u00e9e":"3 minutes"},"schema":{"@context":"https:\/\/schema.org","@graph":[{"@type":"Article","@id":"https:\/\/blog.termetritone.it\/fr\/territoire\/un-voyage-a-velo-dans-le-passe-darqua-petrarca\/#article","isPartOf":{"@id":"https:\/\/blog.termetritone.it\/fr\/territoire\/un-voyage-a-velo-dans-le-passe-darqua-petrarca\/"},"author":{"name":"Luca Bassanello","@id":"https:\/\/blog.termetritone.it\/#\/schema\/person\/414da071f6d70bca9d0d8ceff19c5315"},"headline":"Un voyage \u00e0 v\u00e9lo dans le pass\u00e9 d&rsquo;Arqu\u00e0 Petrarca","datePublished":"2021-09-21T10:31:17+00:00","dateModified":"2023-11-15T12:34:59+00:00","mainEntityOfPage":{"@id":"https:\/\/blog.termetritone.it\/fr\/territoire\/un-voyage-a-velo-dans-le-passe-darqua-petrarca\/"},"wordCount":644,"publisher":{"@id":"https:\/\/blog.termetritone.it\/#organization"},"image":{"@id":"https:\/\/blog.termetritone.it\/fr\/territoire\/un-voyage-a-velo-dans-le-passe-darqua-petrarca\/#primaryimage"},"thumbnailUrl":"https:\/\/blog.termetritone.it\/wp-content\/uploads\/2021\/09\/ARQUa\u0300-FR.jpg","articleSection":["Golf et Sports","Territoire"],"inLanguage":"fr-FR"},{"@type":"WebPage","@id":"https:\/\/blog.termetritone.it\/fr\/territoire\/un-voyage-a-velo-dans-le-passe-darqua-petrarca\/","url":"https:\/\/blog.termetritone.it\/fr\/territoire\/un-voyage-a-velo-dans-le-passe-darqua-petrarca\/","name":"Un voyage \u00e0 v\u00e9lo dans le pass\u00e9 d'Arqu\u00e0 Petrarca - Blog Hotel Tritone Terme","isPartOf":{"@id":"https:\/\/blog.termetritone.it\/#website"},"primaryImageOfPage":{"@id":"https:\/\/blog.termetritone.it\/fr\/territoire\/un-voyage-a-velo-dans-le-passe-darqua-petrarca\/#primaryimage"},"image":{"@id":"https:\/\/blog.termetritone.it\/fr\/territoire\/un-voyage-a-velo-dans-le-passe-darqua-petrarca\/#primaryimage"},"thumbnailUrl":"https:\/\/blog.termetritone.it\/wp-content\/uploads\/2021\/09\/ARQUa\u0300-FR.jpg","datePublished":"2021-09-21T10:31:17+00:00","dateModified":"2023-11-15T12:34:59+00:00","description":"Il existe mille mani\u00e8res d'explorer les monts Eugan\u00e9ens et tout autant de parcours \u00e0 entreprendre pour en conna\u00eetre chaque coin. Dans la s\u00e9rie \u00ab Voyages","breadcrumb":{"@id":"https:\/\/blog.termetritone.it\/fr\/territoire\/un-voyage-a-velo-dans-le-passe-darqua-petrarca\/#breadcrumb"},"inLanguage":"fr-FR","potentialAction":[{"@type":"ReadAction","target":["https:\/\/blog.termetritone.it\/fr\/territoire\/un-voyage-a-velo-dans-le-passe-darqua-petrarca\/"]}]},{"@type":"ImageObject","inLanguage":"fr-FR","@id":"https:\/\/blog.termetritone.it\/fr\/territoire\/un-voyage-a-velo-dans-le-passe-darqua-petrarca\/#primaryimage","url":"https:\/\/blog.termetritone.it\/wp-content\/uploads\/2021\/09\/ARQUa\u0300-FR.jpg","contentUrl":"https:\/\/blog.termetritone.it\/wp-content\/uploads\/2021\/09\/ARQUa\u0300-FR.jpg","width":1920,"height":1080,"caption":"Arqu\u00e0 petrarca"},{"@type":"BreadcrumbList","@id":"https:\/\/blog.termetritone.it\/fr\/territoire\/un-voyage-a-velo-dans-le-passe-darqua-petrarca\/#breadcrumb","itemListElement":[{"@type":"ListItem","position":1,"name":"Home","item":"https:\/\/blog.termetritone.it\/fr\/"},{"@type":"ListItem","position":2,"name":"Un voyage \u00e0 v\u00e9lo dans le pass\u00e9 d&#8217;Arqu\u00e0 Petrarca"}]},{"@type":"WebSite","@id":"https:\/\/blog.termetritone.it\/#website","url":"https:\/\/blog.termetritone.it\/","name":"Blog Hotel Tritone Terme","description":"Eleganza e relax senza compromessi","publisher":{"@id":"https:\/\/blog.termetritone.it\/#organization"},"potentialAction":[{"@type":"SearchAction","target":{"@type":"EntryPoint","urlTemplate":"https:\/\/blog.termetritone.it\/?s={search_term_string}"},"query-input":{"@type":"PropertyValueSpecification","valueRequired":true,"valueName":"search_term_string"}}],"inLanguage":"fr-FR"},{"@type":"Organization","@id":"https:\/\/blog.termetritone.it\/#organization","name":"Hotel Tritone Terme - Sethi srl","url":"https:\/\/blog.termetritone.it\/","logo":{"@type":"ImageObject","inLanguage":"fr-FR","@id":"https:\/\/blog.termetritone.it\/#\/schema\/logo\/image\/","url":"https:\/\/blog.termetritone.it\/wp-content\/uploads\/2018\/10\/logo-tritone-small.png","contentUrl":"https:\/\/blog.termetritone.it\/wp-content\/uploads\/2018\/10\/logo-tritone-small.png","width":249,"height":80,"caption":"Hotel Tritone Terme - Sethi srl"},"image":{"@id":"https:\/\/blog.termetritone.it\/#\/schema\/logo\/image\/"},"sameAs":["https:\/\/www.facebook.com\/HotelTritoneTerme\/","https:\/\/x.com\/TermeTritone","https:\/\/www.youtube.com\/channel\/UCBtuO3rJaSxzX_OkEw3niJg"]},{"@type":"Person","@id":"https:\/\/blog.termetritone.it\/#\/schema\/person\/414da071f6d70bca9d0d8ceff19c5315","name":"Luca Bassanello","image":{"@type":"ImageObject","inLanguage":"fr-FR","@id":"https:\/\/secure.gravatar.com\/avatar\/b6919a8f9a19eed40188a61dc7b9e0e067487c173e5e5cecfb267cedf5a141d9?s=96&d=mm&r=g","url":"https:\/\/secure.gravatar.com\/avatar\/b6919a8f9a19eed40188a61dc7b9e0e067487c173e5e5cecfb267cedf5a141d9?s=96&d=mm&r=g","contentUrl":"https:\/\/secure.gravatar.com\/avatar\/b6919a8f9a19eed40188a61dc7b9e0e067487c173e5e5cecfb267cedf5a141d9?s=96&d=mm&r=g","caption":"Luca Bassanello"},"url":"https:\/\/blog.termetritone.it\/fr\/author\/luca\/"}]}},"_links":{"self":[{"href":"https:\/\/blog.termetritone.it\/fr\/wp-json\/wp\/v2\/posts\/7596","targetHints":{"allow":["GET"]}}],"collection":[{"href":"https:\/\/blog.termetritone.it\/fr\/wp-json\/wp\/v2\/posts"}],"about":[{"href":"https:\/\/blog.termetritone.it\/fr\/wp-json\/wp\/v2\/types\/post"}],"author":[{"embeddable":true,"href":"https:\/\/blog.termetritone.it\/fr\/wp-json\/wp\/v2\/users\/2"}],"replies":[{"embeddable":true,"href":"https:\/\/blog.termetritone.it\/fr\/wp-json\/wp\/v2\/comments?post=7596"}],"version-history":[{"count":1,"href":"https:\/\/blog.termetritone.it\/fr\/wp-json\/wp\/v2\/posts\/7596\/revisions"}],"predecessor-version":[{"id":13311,"href":"https:\/\/blog.termetritone.it\/fr\/wp-json\/wp\/v2\/posts\/7596\/revisions\/13311"}],"wp:featuredmedia":[{"embeddable":true,"href":"https:\/\/blog.termetritone.it\/fr\/wp-json\/wp\/v2\/media\/7597"}],"wp:attachment":[{"href":"https:\/\/blog.termetritone.it\/fr\/wp-json\/wp\/v2\/media?parent=7596"}],"wp:term":[{"taxonomy":"category","embeddable":true,"href":"https:\/\/blog.termetritone.it\/fr\/wp-json\/wp\/v2\/categories?post=7596"},{"taxonomy":"post_tag","embeddable":true,"href":"https:\/\/blog.termetritone.it\/fr\/wp-json\/wp\/v2\/tags?post=7596"}],"curies":[{"name":"wp","href":"https:\/\/api.w.org\/{rel}","templated":true}]}}