{"id":7867,"date":"2021-11-02T17:32:03","date_gmt":"2021-11-02T16:32:03","guid":{"rendered":"https:\/\/blog.termetritone.it\/?p=7867"},"modified":"2021-11-03T09:31:47","modified_gmt":"2021-11-03T08:31:47","slug":"laccueil-a-lhotel-tritone-est-effectue-par-luca-notre-responsable-daccueil","status":"publish","type":"post","link":"https:\/\/blog.termetritone.it\/fr\/vie-hoteliere\/laccueil-a-lhotel-tritone-est-effectue-par-luca-notre-responsable-daccueil\/","title":{"rendered":"L&rsquo;accueil \u00e0 l&rsquo;H\u00f4tel Tritone est effectu\u00e9 par Luca, notre responsable d&rsquo;accueil"},"content":{"rendered":"<p><span style=\"font-weight: 400;\">En arrivant \u00e0 l&rsquo;H\u00f4tel Tritone, vous entrez tout de suite <\/span><b>en contact avec les personnes<\/b><span style=\"font-weight: 400;\"> qui travaillent \u00e0 la r\u00e9ception. C&rsquo;est ici que se joue la premi\u00e8re impression, pour ceux qui viennent pour la premi\u00e8re fois, ou pour ceux qui reviennent, dans le cas de nos h\u00f4tes les plus fid\u00e8les. C&rsquo;est justement dans cette zone de l&rsquo;H\u00f4tel, assis sur des canap\u00e9s confortables dans le petit salon qui donne sur l&rsquo;entr\u00e9e, que nous avons interview\u00e9 Luca, notre responsable d&rsquo;accueil.<\/span><\/p>\n<p>&nbsp;<\/p>\n<h3><b>Luca, pr\u00e9sente-toi \u00e0 ceux qui ne te connaissent pas.<\/b><\/h3>\n<p><span style=\"font-weight: 400;\">Je m&rsquo;appelle Luca, j&rsquo;ai 41 ans et je suis originaire de la Province de Padoue.<\/span><\/p>\n<p>&nbsp;<\/p>\n<h3><b>Quel est ton r\u00f4le ici \u00e0 l&rsquo;H\u00f4tel Tritone ? En quoi consiste ton travail?<\/b><\/h3>\n<p><span style=\"font-weight: 400;\">Je suis le responsable d&rsquo;accueil, donc <\/span><b>je repr\u00e9sente le visage de l&rsquo;H\u00f4tel Tritone<\/b><span style=\"font-weight: 400;\"> en toutes circonstances, notamment au moment le plus important du s\u00e9jour : l&rsquo;accueil. \u00c0 cet instant et \u00e0 tout moment, je suis une porte ouverte pour les h\u00f4tes de l&rsquo;H\u00f4tel Tritone car je re\u00e7ois et \u00e9coute les compliments, les critiques et toutes les id\u00e9es nouvelles qui naissent des exp\u00e9riences v\u00e9cues au sein de l&rsquo;H\u00f4tel.<\/span><\/p>\n<p><span style=\"font-weight: 400;\">En plus de m&rsquo;occuper de la <\/span><b>gestion g\u00e9n\u00e9rale<\/b><span style=\"font-weight: 400;\">, je prends en charge toutes les <\/span><b>demandes<\/b><span style=\"font-weight: 400;\"> qui arrivent par mail ou sur le site, <\/span><b>je travaille<\/b><span style=\"font-weight: 400;\"> avec <\/span><b>\u00a0<\/b><span style=\"font-weight: 400;\">\u00a0les diff\u00e9rentes \u00e9quipes et je g\u00e8re une <\/span><b>\u00e9quipe<\/b><span style=\"font-weight: 400;\"> de 7 personnes. Nous sommes une \u00e9quipe soud\u00e9e, pas seulement entre nous, mais \u00e9galement aux yeux de ceux qui franchissent la porte d&rsquo;entr\u00e9e de l&rsquo;H\u00f4tel.<\/span><\/p>\n<p>&nbsp;<\/p>\n<h3><b>Depuis combien de temps travailles-tu \u00e0 l&rsquo;H\u00f4tel Tritone ?<\/b><\/h3>\n<p><span style=\"font-weight: 400;\">Je travaille ici depuis <\/span><b>12 ans<\/b><span style=\"font-weight: 400;\">. J&rsquo;ai une histoire particuli\u00e8re car j&rsquo;ai atterri dans le monde h\u00f4telier <\/span><b>par pur hasard<\/b><span style=\"font-weight: 400;\">, en fait, je cherchais une occupation entre deux semestres lorsque j&rsquo;exer\u00e7ais encore un travail diff\u00e9rent : professeur d&rsquo;italien.<\/span><\/p>\n<p><img loading=\"lazy\" decoding=\"async\" class=\"alignnone size-large wp-image-7752\" src=\"https:\/\/blog.termetritone.it\/wp-content\/uploads\/2021\/10\/Staff-Tritone-1024x576.jpg\" alt=\"team Tritone\" width=\"800\" height=\"450\" srcset=\"https:\/\/blog.termetritone.it\/wp-content\/uploads\/2021\/10\/Staff-Tritone-1024x576.jpg 1024w, https:\/\/blog.termetritone.it\/wp-content\/uploads\/2021\/10\/Staff-Tritone-300x169.jpg 300w, https:\/\/blog.termetritone.it\/wp-content\/uploads\/2021\/10\/Staff-Tritone-768x432.jpg 768w, https:\/\/blog.termetritone.it\/wp-content\/uploads\/2021\/10\/Staff-Tritone-1536x864.jpg 1536w, https:\/\/blog.termetritone.it\/wp-content\/uploads\/2021\/10\/Staff-Tritone-570x321.jpg 570w, https:\/\/blog.termetritone.it\/wp-content\/uploads\/2021\/10\/Staff-Tritone.jpg 1920w\" sizes=\"auto, (max-width: 800px) 100vw, 800px\" \/><\/p>\n<h3><\/h3>\n<h3><b>Raconte-nous ton histoire Luca.<\/b><\/h3>\n<p><span style=\"font-weight: 400;\">J&rsquo;ai \u00e9t\u00e9 <\/span><b>dipl\u00f4m\u00e9 en Histoire<\/b><span style=\"font-weight: 400;\"> et apr\u00e8s l&rsquo;Universit\u00e9, j&rsquo;ai d\u00e9m\u00e9nag\u00e9 \u00e0 <\/span><b>Hambourg<\/b><span style=\"font-weight: 400;\"> pour participer au projet Leonardo sur le d\u00e9veloppement du tourisme. J&rsquo;y suis rest\u00e9 2 ans, durant lesquels j&rsquo;ai appris l&rsquo;allemand et enseign\u00e9 l&rsquo;italien, d&rsquo;abord dans une petite \u00e9cole, puis \u00e0 l&rsquo;Universit\u00e9.\u00a0<\/span><\/p>\n<p><span style=\"font-weight: 400;\">Apr\u00e8s cette exp\u00e9riennce, j&rsquo;ai d\u00e9cid\u00e9 de compl\u00e9ter mon parcours de formation dans l&rsquo;enseignement, j&rsquo;ai donc obtenu un <\/span><b>Master en didactique d&rsquo;italien comme langue \u00e9trang\u00e8re<\/b><span style=\"font-weight: 400;\"> \u00e0 Padoue. Ensuite, j&rsquo;ai travaill\u00e9 dans deux <\/span><b>universit\u00e9s am\u00e9ricaines \u00e0 Padoue<\/b><span style=\"font-weight: 400;\"> (California University et Boston University) comme professeur d&rsquo;italien pour les \u00e9tudiants am\u00e9ricains inscrits \u00e0 l&rsquo;Universit\u00e9 dans la ville de Padoue.<\/span><\/p>\n<p><span style=\"font-weight: 400;\">Dans le m\u00eame temps, j&rsquo;ai \u00e9galement obtenu la certification de <\/span><b>guide touristique<\/b><span style=\"font-weight: 400;\"> en anglais, fran\u00e7ais, et allemand, me rapprochant ainsi du monde touristique.<\/span><\/p>\n<p>&nbsp;<\/p>\n<h3><b>Qu&rsquo;est-ce qui te pla\u00eet le plus dans ton travail ?<\/b><\/h3>\n<p><span style=\"font-weight: 400;\">Tout d&rsquo;abord, j&rsquo;aime mon travail : depuis toutes ces ann\u00e9es, il n&rsquo;y a pas un seul jour o\u00f9 je suis venu travailler en \u00e9tant m\u00e9content ou \u00e9nerv\u00e9. <\/span><b>Je suis toujours heureux <\/b><span style=\"font-weight: 400;\">de faire mon maximum et mes journ\u00e9es de travail se passent sereinement.<\/span><\/p>\n<p><span style=\"font-weight: 400;\">Surtout, j&rsquo;aime \u00eatre <\/span><b>appr\u00e9ci\u00e9 des clients<\/b><span style=\"font-weight: 400;\"> et \u00eatre reconnu par les h\u00f4tes qui reviennent r\u00e9guli\u00e8rement \u00e0 l&rsquo;H\u00f4tel, m\u00eame pour moi, c&rsquo;est un plaisir de les revoir. J&rsquo;aime r\u00e9soudre d&rsquo;\u00e9ventuels probl\u00e8mes, calmer les petites tensions, et rendre heureux les clients qui, parfois, s&rsquo;\u00e9nervent. En somme, <\/span><b>j&rsquo;aime voir que les choses se passent bien<\/b><span style=\"font-weight: 400;\">, que chaque chose est \u00e0 sa place.<\/span><\/p>\n<p><span style=\"font-weight: 400;\">Enfin, j&rsquo;appr\u00e9cie vraiment que le Docteur Poli (Directeur G\u00e9n\u00e9ral de l&rsquo;H\u00f4tel Triton) soit investi dans notre formation et qu&rsquo;il nous fasse <\/span><b>grandir<\/b><span style=\"font-weight: 400;\"> en nous proposant r\u00e9guli\u00e8rement des cours de remise \u00e0 niveau.<\/span><\/p>\n<p>&nbsp;<\/p>\n<h3><b>Entre tes fonctions et tes activit\u00e9s, quels sont les services qui font que l&rsquo;exp\u00e9rience des clients est sp\u00e9ciale ?<\/b><\/h3>\n<p><span style=\"font-weight: 400;\">Il y en a beaucoup : le <\/span><b>sourire<\/b><span style=\"font-weight: 400;\"> que nous leur r\u00e9servons au moment de l&rsquo;accueil, ou notre capacit\u00e9 \u00e0 <\/span><b>anticiper leurs d\u00e9sirs<\/b><span style=\"font-weight: 400;\">, par exemple, en leur apportant leur journal pr\u00e9f\u00e9r\u00e9.\u00a0<\/span><\/p>\n<p><span style=\"font-weight: 400;\">Je crois pourtant que le service le plus important est <\/span><b>la sensation de \u00ab\u00a0sentir comme \u00e0 la maison\u00a0\u00bb<\/b><span style=\"font-weight: 400;\">. M\u00eame pour ceux qui reviennent nous voir, il est fondamental que l&rsquo;H\u00f6tel Tritone soit consid\u00e9r\u00e9 comme une seconde maison et que notre accueil soit encore plus chaleureux.<\/span><\/p>\n<p><img loading=\"lazy\" decoding=\"async\" class=\"alignnone size-large wp-image-7966\" src=\"https:\/\/blog.termetritone.it\/wp-content\/uploads\/2021\/11\/comme-a\u0300-la-maison-1024x576.jpg\" alt=\"comme-a\u0300-la-maison\" width=\"800\" height=\"450\" srcset=\"https:\/\/blog.termetritone.it\/wp-content\/uploads\/2021\/11\/comme-a\u0300-la-maison-1024x576.jpg 1024w, https:\/\/blog.termetritone.it\/wp-content\/uploads\/2021\/11\/comme-a\u0300-la-maison-300x169.jpg 300w, https:\/\/blog.termetritone.it\/wp-content\/uploads\/2021\/11\/comme-a\u0300-la-maison-768x432.jpg 768w, https:\/\/blog.termetritone.it\/wp-content\/uploads\/2021\/11\/comme-a\u0300-la-maison-1536x864.jpg 1536w, https:\/\/blog.termetritone.it\/wp-content\/uploads\/2021\/11\/comme-a\u0300-la-maison-570x321.jpg 570w, https:\/\/blog.termetritone.it\/wp-content\/uploads\/2021\/11\/comme-a\u0300-la-maison.jpg 1920w\" sizes=\"auto, (max-width: 800px) 100vw, 800px\" \/><\/p>\n<h3><\/h3>\n<h3><b>Si tu devais d\u00e9crire l&rsquo;H\u00f4tel Tritone en un seul mot ?<\/b><\/h3>\n<p><span style=\"font-weight: 400;\">\u00ab\u00a0Accueillant\u00a0\u00bb est le mot qui le d\u00e9crit.<\/span><\/p>\n<p>&nbsp;<\/p>\n<h3><b>Qu&rsquo;aimes-tu faire durant ton temps libre ?<\/b><\/h3>\n<p><span style=\"font-weight: 400;\">J&rsquo;aime beaucoup faire du <\/span><b>v\u00e9lo<\/b><span style=\"font-weight: 400;\">, m\u00eame si avec 3 enfants, c&rsquo;est difficile d&rsquo;avoir du temps libre.\u00a0 Pourtant, j&rsquo;essaye de cultiver ma passion, car je viens souvent au travail \u00e0 v\u00e9lo.<\/span><\/p>\n<p>&nbsp;<\/p>\n<h3><b>Si un jour tu \u00e9tais un client de l&rsquo;H\u00f4tel Tritone, quel service\/traitement essayerais-tu en premier ?<\/b><\/h3>\n<p><span style=\"font-weight: 400;\">J&rsquo;essayerais le <\/span><b>massage tha\u00eflandais<\/b><span style=\"font-weight: 400;\"> car j&rsquo;ai entendu les diff\u00e9rents avis des clients qui m&rsquo;ont fait part de son pouvoir unique \u00e0 d\u00e9tendre les muscles. Il est tr\u00e8s appr\u00e9ci\u00e9 et il m&rsquo;intrigue.<\/span><\/p>\n<p>&nbsp;<\/p>\n<p><i><span style=\"font-weight: 400;\">Pour r\u00e9server votre prochain s\u00e9jour \u00e0 l&rsquo;H\u00f4tel Tritone, il est possible de cliquer <\/span><\/i><a href=\"https:\/\/www.termetritone.it\/fr\/demande.aspx\" target=\"_blank\" rel=\"noopener noreferrer\"><i><span style=\"font-weight: 400;\">ici<\/span><\/i><\/a><i><span style=\"font-weight: 400;\"> ou d&rsquo;appeler le (+39) 049 8668099<\/span><\/i><\/p>\n","protected":false},"excerpt":{"rendered":"<p>En arrivant \u00e0 l&rsquo;H\u00f4tel Tritone, vous entrez tout de suite en contact avec les personnes qui travaillent \u00e0 la r\u00e9ception. C&rsquo;est ici que se joue la premi\u00e8re impression, pour ceux qui viennent pour la premi\u00e8re fois, ou pour ceux qui reviennent, dans le cas de nos h\u00f4tes les plus fid\u00e8les. C&rsquo;est justement dans cette zone&hellip;<\/p>\n","protected":false},"author":2,"featured_media":7879,"comment_status":"closed","ping_status":"closed","sticky":false,"template":"","format":"standard","meta":{"_acf_changed":false,"footnotes":""},"categories":[39],"tags":[],"class_list":["post-7867","post","type-post","status-publish","format-standard","has-post-thumbnail","hentry","category-vie-hoteliere"],"acf":[],"yoast_head":"<!-- This site is optimized with the Yoast SEO plugin v27.2 - https:\/\/yoast.com\/product\/yoast-seo-wordpress\/ -->\n<title>L&#039;accueil \u00e0 l&#039;H\u00f4tel Tritone est effectu\u00e9 par Luca, notre responsable d&#039;accueil - Blog Hotel Tritone Terme<\/title>\n<meta name=\"description\" content=\"En arrivant \u00e0 l&#039;H\u00f4tel Tritone, vous entrez tout de suite en contact avec les personnes qui travaillent \u00e0 la r\u00e9ception. C&#039;est ici que se joue la premi\u00e8re\" \/>\n<meta name=\"robots\" content=\"index, follow, max-snippet:-1, max-image-preview:large, max-video-preview:-1\" \/>\n<link rel=\"canonical\" href=\"https:\/\/blog.termetritone.it\/vita-in-hotel\/laccoglienza-dellhotel-tritone-intervista-a-luca-il-nostro-capo-ricevimento\/\" \/>\n<meta property=\"og:locale\" content=\"fr_FR\" \/>\n<meta property=\"og:type\" content=\"article\" \/>\n<meta property=\"og:title\" content=\"L&#039;accueil \u00e0 l&#039;H\u00f4tel Tritone est effectu\u00e9 par Luca, notre responsable d&#039;accueil - Blog Hotel Tritone Terme\" \/>\n<meta property=\"og:description\" content=\"En arrivant \u00e0 l&#039;H\u00f4tel Tritone, vous entrez tout de suite en contact avec les personnes qui travaillent \u00e0 la r\u00e9ception. C&#039;est ici que se joue la premi\u00e8re\" \/>\n<meta property=\"og:url\" content=\"https:\/\/blog.termetritone.it\/vita-in-hotel\/laccoglienza-dellhotel-tritone-intervista-a-luca-il-nostro-capo-ricevimento\/\" \/>\n<meta property=\"og:site_name\" content=\"Blog Hotel Tritone Terme\" \/>\n<meta property=\"article:publisher\" content=\"https:\/\/www.facebook.com\/HotelTritoneTerme\/\" \/>\n<meta property=\"article:published_time\" content=\"2021-11-02T16:32:03+00:00\" \/>\n<meta property=\"article:modified_time\" content=\"2021-11-03T08:31:47+00:00\" \/>\n<meta property=\"og:image\" content=\"https:\/\/blog.termetritone.it\/wp-content\/uploads\/2021\/11\/En-discutant-avec-Luca.jpg\" \/>\n\t<meta property=\"og:image:width\" content=\"1920\" \/>\n\t<meta property=\"og:image:height\" content=\"1080\" \/>\n\t<meta property=\"og:image:type\" content=\"image\/jpeg\" \/>\n<meta name=\"author\" content=\"Luca Bassanello\" \/>\n<meta name=\"twitter:card\" content=\"summary_large_image\" \/>\n<meta name=\"twitter:creator\" content=\"@TermeTritone\" \/>\n<meta name=\"twitter:site\" content=\"@TermeTritone\" \/>\n<meta name=\"twitter:label1\" content=\"\u00c9crit par\" \/>\n\t<meta name=\"twitter:data1\" content=\"Luca Bassanello\" \/>\n\t<meta name=\"twitter:label2\" content=\"Dur\u00e9e de lecture estim\u00e9e\" \/>\n\t<meta name=\"twitter:data2\" content=\"4 minutes\" \/>\n<!-- \/ Yoast SEO plugin. -->","yoast_head_json":{"title":"L'accueil \u00e0 l'H\u00f4tel Tritone est effectu\u00e9 par Luca, notre responsable d'accueil - Blog Hotel Tritone Terme","description":"En arrivant \u00e0 l'H\u00f4tel Tritone, vous entrez tout de suite en contact avec les personnes qui travaillent \u00e0 la r\u00e9ception. C'est ici que se joue la premi\u00e8re","robots":{"index":"index","follow":"follow","max-snippet":"max-snippet:-1","max-image-preview":"max-image-preview:large","max-video-preview":"max-video-preview:-1"},"canonical":"https:\/\/blog.termetritone.it\/vita-in-hotel\/laccoglienza-dellhotel-tritone-intervista-a-luca-il-nostro-capo-ricevimento\/","og_locale":"fr_FR","og_type":"article","og_title":"L'accueil \u00e0 l'H\u00f4tel Tritone est effectu\u00e9 par Luca, notre responsable d'accueil - Blog Hotel Tritone Terme","og_description":"En arrivant \u00e0 l'H\u00f4tel Tritone, vous entrez tout de suite en contact avec les personnes qui travaillent \u00e0 la r\u00e9ception. C'est ici que se joue la premi\u00e8re","og_url":"https:\/\/blog.termetritone.it\/vita-in-hotel\/laccoglienza-dellhotel-tritone-intervista-a-luca-il-nostro-capo-ricevimento\/","og_site_name":"Blog Hotel Tritone Terme","article_publisher":"https:\/\/www.facebook.com\/HotelTritoneTerme\/","article_published_time":"2021-11-02T16:32:03+00:00","article_modified_time":"2021-11-03T08:31:47+00:00","og_image":[{"width":1920,"height":1080,"url":"https:\/\/blog.termetritone.it\/wp-content\/uploads\/2021\/11\/En-discutant-avec-Luca.jpg","type":"image\/jpeg"}],"author":"Luca Bassanello","twitter_card":"summary_large_image","twitter_creator":"@TermeTritone","twitter_site":"@TermeTritone","twitter_misc":{"\u00c9crit par":"Luca Bassanello","Dur\u00e9e de lecture estim\u00e9e":"4 minutes"},"schema":{"@context":"https:\/\/schema.org","@graph":[{"@type":"Article","@id":"https:\/\/blog.termetritone.it\/vita-in-hotel\/laccoglienza-dellhotel-tritone-intervista-a-luca-il-nostro-capo-ricevimento\/#article","isPartOf":{"@id":"https:\/\/blog.termetritone.it\/vita-in-hotel\/laccoglienza-dellhotel-tritone-intervista-a-luca-il-nostro-capo-ricevimento\/"},"author":{"name":"Luca Bassanello","@id":"https:\/\/blog.termetritone.it\/#\/schema\/person\/414da071f6d70bca9d0d8ceff19c5315"},"headline":"L&rsquo;accueil \u00e0 l&rsquo;H\u00f4tel Tritone est effectu\u00e9 par Luca, notre responsable d&rsquo;accueil","datePublished":"2021-11-02T16:32:03+00:00","dateModified":"2021-11-03T08:31:47+00:00","mainEntityOfPage":{"@id":"https:\/\/blog.termetritone.it\/vita-in-hotel\/laccoglienza-dellhotel-tritone-intervista-a-luca-il-nostro-capo-ricevimento\/"},"wordCount":850,"publisher":{"@id":"https:\/\/blog.termetritone.it\/#organization"},"image":{"@id":"https:\/\/blog.termetritone.it\/vita-in-hotel\/laccoglienza-dellhotel-tritone-intervista-a-luca-il-nostro-capo-ricevimento\/#primaryimage"},"thumbnailUrl":"https:\/\/blog.termetritone.it\/wp-content\/uploads\/2021\/11\/En-discutant-avec-Luca.jpg","articleSection":["Vie h\u00f4teli\u00e8re"],"inLanguage":"fr-FR"},{"@type":"WebPage","@id":"https:\/\/blog.termetritone.it\/vita-in-hotel\/laccoglienza-dellhotel-tritone-intervista-a-luca-il-nostro-capo-ricevimento\/","url":"https:\/\/blog.termetritone.it\/vita-in-hotel\/laccoglienza-dellhotel-tritone-intervista-a-luca-il-nostro-capo-ricevimento\/","name":"L'accueil \u00e0 l'H\u00f4tel Tritone est effectu\u00e9 par Luca, notre responsable d'accueil - Blog Hotel Tritone Terme","isPartOf":{"@id":"https:\/\/blog.termetritone.it\/#website"},"primaryImageOfPage":{"@id":"https:\/\/blog.termetritone.it\/vita-in-hotel\/laccoglienza-dellhotel-tritone-intervista-a-luca-il-nostro-capo-ricevimento\/#primaryimage"},"image":{"@id":"https:\/\/blog.termetritone.it\/vita-in-hotel\/laccoglienza-dellhotel-tritone-intervista-a-luca-il-nostro-capo-ricevimento\/#primaryimage"},"thumbnailUrl":"https:\/\/blog.termetritone.it\/wp-content\/uploads\/2021\/11\/En-discutant-avec-Luca.jpg","datePublished":"2021-11-02T16:32:03+00:00","dateModified":"2021-11-03T08:31:47+00:00","description":"En arrivant \u00e0 l'H\u00f4tel Tritone, vous entrez tout de suite en contact avec les personnes qui travaillent \u00e0 la r\u00e9ception. C'est ici que se joue la premi\u00e8re","breadcrumb":{"@id":"https:\/\/blog.termetritone.it\/vita-in-hotel\/laccoglienza-dellhotel-tritone-intervista-a-luca-il-nostro-capo-ricevimento\/#breadcrumb"},"inLanguage":"fr-FR","potentialAction":[{"@type":"ReadAction","target":["https:\/\/blog.termetritone.it\/vita-in-hotel\/laccoglienza-dellhotel-tritone-intervista-a-luca-il-nostro-capo-ricevimento\/"]}]},{"@type":"ImageObject","inLanguage":"fr-FR","@id":"https:\/\/blog.termetritone.it\/vita-in-hotel\/laccoglienza-dellhotel-tritone-intervista-a-luca-il-nostro-capo-ricevimento\/#primaryimage","url":"https:\/\/blog.termetritone.it\/wp-content\/uploads\/2021\/11\/En-discutant-avec-Luca.jpg","contentUrl":"https:\/\/blog.termetritone.it\/wp-content\/uploads\/2021\/11\/En-discutant-avec-Luca.jpg","width":1920,"height":1080,"caption":"En discutant avec Luca"},{"@type":"BreadcrumbList","@id":"https:\/\/blog.termetritone.it\/vita-in-hotel\/laccoglienza-dellhotel-tritone-intervista-a-luca-il-nostro-capo-ricevimento\/#breadcrumb","itemListElement":[{"@type":"ListItem","position":1,"name":"Home","item":"https:\/\/blog.termetritone.it\/fr\/"},{"@type":"ListItem","position":2,"name":"L&#8217;accueil \u00e0 l&#8217;H\u00f4tel Tritone est effectu\u00e9 par Luca, notre responsable d&#8217;accueil"}]},{"@type":"WebSite","@id":"https:\/\/blog.termetritone.it\/#website","url":"https:\/\/blog.termetritone.it\/","name":"Blog Hotel Tritone Terme","description":"Eleganza e relax senza compromessi","publisher":{"@id":"https:\/\/blog.termetritone.it\/#organization"},"potentialAction":[{"@type":"SearchAction","target":{"@type":"EntryPoint","urlTemplate":"https:\/\/blog.termetritone.it\/?s={search_term_string}"},"query-input":{"@type":"PropertyValueSpecification","valueRequired":true,"valueName":"search_term_string"}}],"inLanguage":"fr-FR"},{"@type":"Organization","@id":"https:\/\/blog.termetritone.it\/#organization","name":"Hotel Tritone Terme - Sethi srl","url":"https:\/\/blog.termetritone.it\/","logo":{"@type":"ImageObject","inLanguage":"fr-FR","@id":"https:\/\/blog.termetritone.it\/#\/schema\/logo\/image\/","url":"https:\/\/blog.termetritone.it\/wp-content\/uploads\/2018\/10\/logo-tritone-small.png","contentUrl":"https:\/\/blog.termetritone.it\/wp-content\/uploads\/2018\/10\/logo-tritone-small.png","width":249,"height":80,"caption":"Hotel Tritone Terme - Sethi srl"},"image":{"@id":"https:\/\/blog.termetritone.it\/#\/schema\/logo\/image\/"},"sameAs":["https:\/\/www.facebook.com\/HotelTritoneTerme\/","https:\/\/x.com\/TermeTritone","https:\/\/www.youtube.com\/channel\/UCBtuO3rJaSxzX_OkEw3niJg"]},{"@type":"Person","@id":"https:\/\/blog.termetritone.it\/#\/schema\/person\/414da071f6d70bca9d0d8ceff19c5315","name":"Luca Bassanello","image":{"@type":"ImageObject","inLanguage":"fr-FR","@id":"https:\/\/secure.gravatar.com\/avatar\/b6919a8f9a19eed40188a61dc7b9e0e067487c173e5e5cecfb267cedf5a141d9?s=96&d=mm&r=g","url":"https:\/\/secure.gravatar.com\/avatar\/b6919a8f9a19eed40188a61dc7b9e0e067487c173e5e5cecfb267cedf5a141d9?s=96&d=mm&r=g","contentUrl":"https:\/\/secure.gravatar.com\/avatar\/b6919a8f9a19eed40188a61dc7b9e0e067487c173e5e5cecfb267cedf5a141d9?s=96&d=mm&r=g","caption":"Luca Bassanello"},"url":"https:\/\/blog.termetritone.it\/fr\/author\/luca\/"}]}},"_links":{"self":[{"href":"https:\/\/blog.termetritone.it\/fr\/wp-json\/wp\/v2\/posts\/7867","targetHints":{"allow":["GET"]}}],"collection":[{"href":"https:\/\/blog.termetritone.it\/fr\/wp-json\/wp\/v2\/posts"}],"about":[{"href":"https:\/\/blog.termetritone.it\/fr\/wp-json\/wp\/v2\/types\/post"}],"author":[{"embeddable":true,"href":"https:\/\/blog.termetritone.it\/fr\/wp-json\/wp\/v2\/users\/2"}],"replies":[{"embeddable":true,"href":"https:\/\/blog.termetritone.it\/fr\/wp-json\/wp\/v2\/comments?post=7867"}],"version-history":[{"count":0,"href":"https:\/\/blog.termetritone.it\/fr\/wp-json\/wp\/v2\/posts\/7867\/revisions"}],"wp:featuredmedia":[{"embeddable":true,"href":"https:\/\/blog.termetritone.it\/fr\/wp-json\/wp\/v2\/media\/7879"}],"wp:attachment":[{"href":"https:\/\/blog.termetritone.it\/fr\/wp-json\/wp\/v2\/media?parent=7867"}],"wp:term":[{"taxonomy":"category","embeddable":true,"href":"https:\/\/blog.termetritone.it\/fr\/wp-json\/wp\/v2\/categories?post=7867"},{"taxonomy":"post_tag","embeddable":true,"href":"https:\/\/blog.termetritone.it\/fr\/wp-json\/wp\/v2\/tags?post=7867"}],"curies":[{"name":"wp","href":"https:\/\/api.w.org\/{rel}","templated":true}]}}