{"id":8111,"date":"2021-11-30T15:00:42","date_gmt":"2021-11-30T14:00:42","guid":{"rendered":"https:\/\/blog.termetritone.it\/?p=8111"},"modified":"2021-11-30T16:31:02","modified_gmt":"2021-11-30T15:31:02","slug":"au-tritone-je-trouve-tout-ce-que-je-desire-le-temoignage-dalfredo-sudati","status":"publish","type":"post","link":"https:\/\/blog.termetritone.it\/fr\/vie-hoteliere\/au-tritone-je-trouve-tout-ce-que-je-desire-le-temoignage-dalfredo-sudati\/","title":{"rendered":"\u00ab Au Tritone, je trouve tout ce que je d\u00e9sire \u00bb : le t\u00e9moignage d&rsquo;Alfredo Sudati"},"content":{"rendered":"<p class=\"p1\">Avec cet article, nous inaugurons un nouveau cycle de rendez-vous sur notre blog : \u00ab La parole aux Clients de l&rsquo;H\u00f4tel Tritone \u00bb Nous avons d\u00e9cid\u00e9 de partager avec tous nos curieux lecteurs les dialogues auxquels nous donnons vie avec nos clients. Le lien qui s\u2019\u00e9tablit avec eux nous permet de conna\u00eetre leurs d\u00e9sirs, leurs besoins et, parfois, quelques histoires personnelles.<\/p>\n<p class=\"p1\">Nous publions donc ces interviews pour raconter avec les mots de nos clients ce que repr\u00e9sentent des vacances \u00e0 l\u2019H\u00f4tel Tritone.<\/p>\n<p>&nbsp;<\/p>\n<h3 class=\"p3\"><b>Parole \u00e0 : ALFREDO SUDATI<\/b><\/h3>\n<h4 class=\"p1\"><b>Pouvez-vous nous dire quelques mots sur vous ?<\/b><\/h4>\n<p class=\"p1\">J&rsquo;habite \u00e0 Calvenzano, dans la province de <b>Bergame<\/b>, et je suis \u00e0 la t\u00eate d&rsquo;une entreprise de m\u00e9canique de pr\u00e9cision, dans laquelle je travaille depuis 55 ans.<\/p>\n<p>&nbsp;<\/p>\n<h4 class=\"p1\"><b>Quel genre de voyage\/vacances pr\u00e9f\u00e9rez-vous ?<\/b><\/h4>\n<p class=\"p1\">J\u2019aime aller \u00e0 la <b>mer <\/b>et, quand j\u2019\u00e9tais plus jeune, j\u2019allais \u00e0 la montagne.<br \/>\n<span class=\"Apple-converted-space\">\u00a0<\/span>En g\u00e9n\u00e9ral, je pars en vacances dans les \u00eeles italiennes, en Sicile et en Sardaigne. J\u2019ai \u00e9galement \u00e9t\u00e9 \u00e0 Charm el-Cheikh, en Gr\u00e8ce, en Turquie, en Cr\u00e8te et au Maroc.<\/p>\n<p>&nbsp;<\/p>\n<h4 class=\"p1\"><b>Avec qui voyagez-vous ?<\/b><\/h4>\n<p class=\"p1\">Je voyage avec ma <b>femme <\/b>ou avec un couple d&rsquo;<b>amis<\/b>. Autrefois, je partais aussi en voyages organis\u00e9s.<\/p>\n<p class=\"p1\"><b>Depuis combien d\u2019ann\u00e9es venez-vous au Tritone ?<\/b><\/p>\n<p class=\"p1\">Je viens ici <b>depuis plus de 20 ans, 2 fois par an<\/b> : en mai et en octobre.<\/p>\n<p class=\"p1\">Depuis que je viens au Tritone, je me sens bien : gr\u00e2ce \u00e0 la physioth\u00e9rapie et aux massages, je n\u2019ai pas de douleurs ni de probl\u00e8mes aux cervicales. L\u00e0, je viens de terminer la <a href=\"https:\/\/blog.termetritone.it\/fr\/thermae-e-spa-fr\/benefici-fanghi-termali-abano\/\" target=\"_blank\" rel=\"noopener noreferrer\"><span class=\"s1\">fangoth\u00e9rapie<\/span><\/a>. Puis, je vais faire des soins pour le visage et des massages.<\/p>\n<p class=\"p1\">Ici, j\u2019oublie le travail et je peux d\u00e9crocher compl\u00e8tement.<\/p>\n<p>&nbsp;<\/p>\n<p><img loading=\"lazy\" decoding=\"async\" class=\"alignnone size-large wp-image-8227\" src=\"https:\/\/blog.termetritone.it\/wp-content\/uploads\/2021\/11\/02-art.04-fr-1024x576.jpg\" alt=\"\" width=\"800\" height=\"450\" srcset=\"https:\/\/blog.termetritone.it\/wp-content\/uploads\/2021\/11\/02-art.04-fr-1024x576.jpg 1024w, https:\/\/blog.termetritone.it\/wp-content\/uploads\/2021\/11\/02-art.04-fr-300x169.jpg 300w, https:\/\/blog.termetritone.it\/wp-content\/uploads\/2021\/11\/02-art.04-fr-768x432.jpg 768w, https:\/\/blog.termetritone.it\/wp-content\/uploads\/2021\/11\/02-art.04-fr-1536x864.jpg 1536w, https:\/\/blog.termetritone.it\/wp-content\/uploads\/2021\/11\/02-art.04-fr-570x321.jpg 570w, https:\/\/blog.termetritone.it\/wp-content\/uploads\/2021\/11\/02-art.04-fr.jpg 1920w\" sizes=\"auto, (max-width: 800px) 100vw, 800px\" \/><\/p>\n<p>&nbsp;<\/p>\n<h4 class=\"p1\"><b>Combien de temps restez-vous ?<\/b><\/h4>\n<p class=\"p1\">Une dizaine de jours environ, aussi bien en mai qu&rsquo;en octobre. Puis, fin juin je vais \u00e0 la plage et en ao\u00fbt je ne pars pas.<\/p>\n<p>&nbsp;<\/p>\n<h4 class=\"p1\"><b>Quelles sont les exp\u00e9riences que vous pr\u00e9f\u00e9rez ?<\/b><\/h4>\n<p class=\"p1\">Je suis les <b>cures <\/b>tous les jours. Ensuite, je vais \u00e0 la piscine et je me d\u00e9tends sur un transat en prenant le soleil. L&rsquo;apr\u00e8s-midi, pendant les heures libres, je fais du shopping.<\/p>\n<p>&nbsp;<\/p>\n<h4 class=\"p1\"><b>Que pensez-vous du Spa ?<\/b><\/h4>\n<p class=\"p3\">J\u2019ai vu toutes les \u00e9volutions du Spa et le nouveau est exactement ce qui manquait.<\/p>\n<p>&nbsp;<\/p>\n<h4 class=\"p1\"><b>Du point de vue culinaire ?<\/b><\/h4>\n<p class=\"p1\"><span class=\"s1\"><a href=\"https:\/\/blog.termetritone.it\/fr\/gastronomie\/une-nouvelle-direction-pour-des-plats-spectaculaires-la-cuisine-de-lhotel-tritone-se-renouvelle\/\" target=\"_blank\" rel=\"noopener noreferrer\"><b>Le niveau de la <\/b><span class=\"s2\"><b>cuisine<\/b><\/span><\/a><\/span> a encore mont\u00e9 d&rsquo;un cran, et je suis tr\u00e8s exigeant. Je suis difficile \u00e0 contenter parce que je n\u2019aime pas tous les plats, mais ici, au Tritone, je mange tout ce qui est propos\u00e9.<\/p>\n<p class=\"p1\">Hier soir, par exemple, il y avait du risotto aux asperges frites et aux crevettes. D\u2019habitude, je n&rsquo;aime pas \u00e7a, mais l\u00e0, je l\u2019ai d\u00e9gust\u00e9 avec plaisir.<span class=\"Apple-converted-space\">\u00a0<\/span><\/p>\n<p class=\"p1\">Par ailleurs, le <b>buffet<\/b> est vraiment <b>haut de gamme<\/b>.<\/p>\n<p>&nbsp;<\/p>\n<p><img loading=\"lazy\" decoding=\"async\" class=\"alignnone size-large wp-image-8065\" src=\"https:\/\/blog.termetritone.it\/wp-content\/uploads\/2021\/11\/03-art.04-1024x576.jpg\" alt=\"\" width=\"800\" height=\"450\" srcset=\"https:\/\/blog.termetritone.it\/wp-content\/uploads\/2021\/11\/03-art.04-1024x576.jpg 1024w, https:\/\/blog.termetritone.it\/wp-content\/uploads\/2021\/11\/03-art.04-300x169.jpg 300w, https:\/\/blog.termetritone.it\/wp-content\/uploads\/2021\/11\/03-art.04-768x432.jpg 768w, https:\/\/blog.termetritone.it\/wp-content\/uploads\/2021\/11\/03-art.04-1536x864.jpg 1536w, https:\/\/blog.termetritone.it\/wp-content\/uploads\/2021\/11\/03-art.04-570x321.jpg 570w, https:\/\/blog.termetritone.it\/wp-content\/uploads\/2021\/11\/03-art.04.jpg 1920w\" sizes=\"auto, (max-width: 800px) 100vw, 800px\" \/><\/p>\n<p>&nbsp;<\/p>\n<h4 class=\"p1\"><b>Du point de vue du territoire ?<\/b><\/h4>\n<p class=\"p1\">J&rsquo;ai visit\u00e9 Padoue et Venise.<\/p>\n<p>&nbsp;<\/p>\n<h4 class=\"p1\"><b>Qui connaissez-vous le mieux parmi le personnel de l&rsquo;H\u00f4tel ?<\/b><\/h4>\n<p class=\"p1\">Je connais un peu tout le monde parce que je viens ici depuis longtemps.<\/p>\n<p class=\"p1\">Je suis assez proche du Ma\u00eetre d&rsquo;h\u00f4tel Stefano et je connais tous les serveurs. Pendant un certain temps, Stefano m&rsquo;a appel\u00e9 <b>M. Maserati<\/b>, parce que d\u00e9sormais tout le monde m&rsquo;avait donn\u00e9 ce surnom.<\/p>\n<p class=\"p1\">Je fais de la <b>physioth\u00e9rapie<\/b> depuis plusieurs ann\u00e9es avec Michela et je me fais suivre par Chiara pour le visage.<br \/>\n<span class=\"Apple-converted-space\">\u00a0<\/span>La jeune fille qui prend soin des mains et des pieds conna\u00eet bien mes pieds : je lui raconte souvent que j&rsquo;ai \u00e9t\u00e9 \u00e9lu Mr Pieds \u00e0 Salsomaggiore !<\/p>\n<p>&nbsp;<\/p>\n<h4 class=\"p1\"><b>Quels sont vos plus beaux souvenirs du Tritone ?<\/b><\/h4>\n<p class=\"p1\">D&rsquo;abord un bon rapport avec le personnel, et m\u00eame une belle amiti\u00e9 avec la physioth\u00e9rapeute.<\/p>\n<p class=\"p1\">Avec le<b> Ma\u00eetre d&rsquo;h\u00f4tel<\/b>, nous sommes assez proches, au point que nous nous racontons des histoires sur nos voitures respectives et que nous allons parfois boire un verre le soir.<\/p>\n<p class=\"p1\">Et puis, je connais pas mal de <b>gens du coin<\/b>. Je suis ami avec Aerelli, qui poss\u00e8de un magasin de v\u00e9los \u00e0 la fronti\u00e8re avec Montegrotto Terme. Ensemble, on organisait des f\u00eates inoubliables.<\/p>\n<p>&nbsp;<\/p>\n<h4 class=\"p1\"><b>Pourquoi est-ce que vous recommanderiez le Tritone \u00e0 un ami ?<\/b><\/h4>\n<p class=\"p1\"><b>Parce qu&rsquo;ici je trouve tout ce que je d\u00e9sire<\/b> : une cuisine excellente, des gens sympathiques et un personnel disponible pour toute demande. D&rsquo;autre part, les chambres ont \u00e9t\u00e9 r\u00e9nov\u00e9es plusieurs fois ces derni\u00e8res ann\u00e9es, et l&rsquo;H\u00f4tel est toujours splendide.<\/p>\n<p>&nbsp;<\/p>\n<p class=\"p1\"><i>Pour r\u00e9server votre prochain s\u00e9jour \u00e0 l&rsquo;H\u00f4tel Tritone, vous pouvez \u00e9crire <\/i><a href=\"https:\/\/www.termetritone.it\/fr\/demande.aspx\" target=\"_blank\" rel=\"noopener noreferrer\"><span class=\"s1\"><i>ici<\/i><\/span><\/a><i> ou appeler le (+39) 049 8668099<\/i><\/p>\n","protected":false},"excerpt":{"rendered":"<p>Avec cet article, nous inaugurons un nouveau cycle de rendez-vous sur notre blog : \u00ab La parole aux Clients de l&rsquo;H\u00f4tel Tritone \u00bb Nous avons d\u00e9cid\u00e9 de partager avec tous nos curieux lecteurs les dialogues auxquels nous donnons vie avec nos clients. Le lien qui s\u2019\u00e9tablit avec eux nous permet de conna\u00eetre leurs d\u00e9sirs, leurs&hellip;<\/p>\n","protected":false},"author":2,"featured_media":8223,"comment_status":"closed","ping_status":"closed","sticky":false,"template":"","format":"standard","meta":{"_acf_changed":false,"footnotes":""},"categories":[39],"tags":[],"class_list":["post-8111","post","type-post","status-publish","format-standard","has-post-thumbnail","hentry","category-vie-hoteliere"],"acf":[],"yoast_head":"<!-- This site is optimized with the Yoast SEO plugin v27.2 - https:\/\/yoast.com\/product\/yoast-seo-wordpress\/ -->\n<title>\u00ab Au Tritone, je trouve tout ce que je d\u00e9sire \u00bb : le t\u00e9moignage d&#039;Alfredo Sudati - Blog Hotel Tritone Terme<\/title>\n<meta name=\"description\" content=\"Avec cet article, nous inaugurons un nouveau cycle de rendez-vous sur notre blog : \u00ab La parole aux Clients de l&#039;H\u00f4tel Tritone \u00bb Nous avons d\u00e9cid\u00e9 de\" \/>\n<meta name=\"robots\" content=\"index, follow, max-snippet:-1, max-image-preview:large, max-video-preview:-1\" \/>\n<link rel=\"canonical\" href=\"https:\/\/blog.termetritone.it\/vita-in-hotel\/al-tritone-trovo-tutto-cio-che-desidero-la-testimonianza-di-alfredo-sudati\/\" \/>\n<meta property=\"og:locale\" content=\"fr_FR\" \/>\n<meta property=\"og:type\" content=\"article\" \/>\n<meta property=\"og:title\" content=\"\u00ab Au Tritone, je trouve tout ce que je d\u00e9sire \u00bb : le t\u00e9moignage d&#039;Alfredo Sudati - Blog Hotel Tritone Terme\" \/>\n<meta property=\"og:description\" content=\"Avec cet article, nous inaugurons un nouveau cycle de rendez-vous sur notre blog : \u00ab La parole aux Clients de l&#039;H\u00f4tel Tritone \u00bb Nous avons d\u00e9cid\u00e9 de\" \/>\n<meta property=\"og:url\" content=\"https:\/\/blog.termetritone.it\/vita-in-hotel\/al-tritone-trovo-tutto-cio-che-desidero-la-testimonianza-di-alfredo-sudati\/\" \/>\n<meta property=\"og:site_name\" content=\"Blog Hotel Tritone Terme\" \/>\n<meta property=\"article:publisher\" content=\"https:\/\/www.facebook.com\/HotelTritoneTerme\/\" \/>\n<meta property=\"article:published_time\" content=\"2021-11-30T14:00:42+00:00\" \/>\n<meta property=\"article:modified_time\" content=\"2021-11-30T15:31:02+00:00\" \/>\n<meta property=\"og:image\" content=\"https:\/\/blog.termetritone.it\/wp-content\/uploads\/2021\/11\/01-art.04-fr.jpg\" \/>\n\t<meta property=\"og:image:width\" content=\"1920\" \/>\n\t<meta property=\"og:image:height\" content=\"1080\" \/>\n\t<meta property=\"og:image:type\" content=\"image\/jpeg\" \/>\n<meta name=\"author\" content=\"Luca Bassanello\" \/>\n<meta name=\"twitter:card\" content=\"summary_large_image\" \/>\n<meta name=\"twitter:creator\" content=\"@TermeTritone\" \/>\n<meta name=\"twitter:site\" content=\"@TermeTritone\" \/>\n<meta name=\"twitter:label1\" content=\"\u00c9crit par\" \/>\n\t<meta name=\"twitter:data1\" content=\"Luca Bassanello\" \/>\n\t<meta name=\"twitter:label2\" content=\"Dur\u00e9e de lecture estim\u00e9e\" \/>\n\t<meta name=\"twitter:data2\" content=\"4 minutes\" \/>\n<!-- \/ Yoast SEO plugin. -->","yoast_head_json":{"title":"\u00ab Au Tritone, je trouve tout ce que je d\u00e9sire \u00bb : le t\u00e9moignage d'Alfredo Sudati - Blog Hotel Tritone Terme","description":"Avec cet article, nous inaugurons un nouveau cycle de rendez-vous sur notre blog : \u00ab La parole aux Clients de l'H\u00f4tel Tritone \u00bb Nous avons d\u00e9cid\u00e9 de","robots":{"index":"index","follow":"follow","max-snippet":"max-snippet:-1","max-image-preview":"max-image-preview:large","max-video-preview":"max-video-preview:-1"},"canonical":"https:\/\/blog.termetritone.it\/vita-in-hotel\/al-tritone-trovo-tutto-cio-che-desidero-la-testimonianza-di-alfredo-sudati\/","og_locale":"fr_FR","og_type":"article","og_title":"\u00ab Au Tritone, je trouve tout ce que je d\u00e9sire \u00bb : le t\u00e9moignage d'Alfredo Sudati - Blog Hotel Tritone Terme","og_description":"Avec cet article, nous inaugurons un nouveau cycle de rendez-vous sur notre blog : \u00ab La parole aux Clients de l'H\u00f4tel Tritone \u00bb Nous avons d\u00e9cid\u00e9 de","og_url":"https:\/\/blog.termetritone.it\/vita-in-hotel\/al-tritone-trovo-tutto-cio-che-desidero-la-testimonianza-di-alfredo-sudati\/","og_site_name":"Blog Hotel Tritone Terme","article_publisher":"https:\/\/www.facebook.com\/HotelTritoneTerme\/","article_published_time":"2021-11-30T14:00:42+00:00","article_modified_time":"2021-11-30T15:31:02+00:00","og_image":[{"width":1920,"height":1080,"url":"https:\/\/blog.termetritone.it\/wp-content\/uploads\/2021\/11\/01-art.04-fr.jpg","type":"image\/jpeg"}],"author":"Luca Bassanello","twitter_card":"summary_large_image","twitter_creator":"@TermeTritone","twitter_site":"@TermeTritone","twitter_misc":{"\u00c9crit par":"Luca Bassanello","Dur\u00e9e de lecture estim\u00e9e":"4 minutes"},"schema":{"@context":"https:\/\/schema.org","@graph":[{"@type":"Article","@id":"https:\/\/blog.termetritone.it\/vita-in-hotel\/al-tritone-trovo-tutto-cio-che-desidero-la-testimonianza-di-alfredo-sudati\/#article","isPartOf":{"@id":"https:\/\/blog.termetritone.it\/vita-in-hotel\/al-tritone-trovo-tutto-cio-che-desidero-la-testimonianza-di-alfredo-sudati\/"},"author":{"name":"Luca Bassanello","@id":"https:\/\/blog.termetritone.it\/#\/schema\/person\/414da071f6d70bca9d0d8ceff19c5315"},"headline":"\u00ab Au Tritone, je trouve tout ce que je d\u00e9sire \u00bb : le t\u00e9moignage d&rsquo;Alfredo Sudati","datePublished":"2021-11-30T14:00:42+00:00","dateModified":"2021-11-30T15:31:02+00:00","mainEntityOfPage":{"@id":"https:\/\/blog.termetritone.it\/vita-in-hotel\/al-tritone-trovo-tutto-cio-che-desidero-la-testimonianza-di-alfredo-sudati\/"},"wordCount":777,"publisher":{"@id":"https:\/\/blog.termetritone.it\/#organization"},"image":{"@id":"https:\/\/blog.termetritone.it\/vita-in-hotel\/al-tritone-trovo-tutto-cio-che-desidero-la-testimonianza-di-alfredo-sudati\/#primaryimage"},"thumbnailUrl":"https:\/\/blog.termetritone.it\/wp-content\/uploads\/2021\/11\/01-art.04-fr.jpg","articleSection":["Vie h\u00f4teli\u00e8re"],"inLanguage":"fr-FR"},{"@type":"WebPage","@id":"https:\/\/blog.termetritone.it\/vita-in-hotel\/al-tritone-trovo-tutto-cio-che-desidero-la-testimonianza-di-alfredo-sudati\/","url":"https:\/\/blog.termetritone.it\/vita-in-hotel\/al-tritone-trovo-tutto-cio-che-desidero-la-testimonianza-di-alfredo-sudati\/","name":"\u00ab Au Tritone, je trouve tout ce que je d\u00e9sire \u00bb : le t\u00e9moignage d'Alfredo Sudati - Blog Hotel Tritone Terme","isPartOf":{"@id":"https:\/\/blog.termetritone.it\/#website"},"primaryImageOfPage":{"@id":"https:\/\/blog.termetritone.it\/vita-in-hotel\/al-tritone-trovo-tutto-cio-che-desidero-la-testimonianza-di-alfredo-sudati\/#primaryimage"},"image":{"@id":"https:\/\/blog.termetritone.it\/vita-in-hotel\/al-tritone-trovo-tutto-cio-che-desidero-la-testimonianza-di-alfredo-sudati\/#primaryimage"},"thumbnailUrl":"https:\/\/blog.termetritone.it\/wp-content\/uploads\/2021\/11\/01-art.04-fr.jpg","datePublished":"2021-11-30T14:00:42+00:00","dateModified":"2021-11-30T15:31:02+00:00","description":"Avec cet article, nous inaugurons un nouveau cycle de rendez-vous sur notre blog : \u00ab La parole aux Clients de l'H\u00f4tel Tritone \u00bb Nous avons d\u00e9cid\u00e9 de","breadcrumb":{"@id":"https:\/\/blog.termetritone.it\/vita-in-hotel\/al-tritone-trovo-tutto-cio-che-desidero-la-testimonianza-di-alfredo-sudati\/#breadcrumb"},"inLanguage":"fr-FR","potentialAction":[{"@type":"ReadAction","target":["https:\/\/blog.termetritone.it\/vita-in-hotel\/al-tritone-trovo-tutto-cio-che-desidero-la-testimonianza-di-alfredo-sudati\/"]}]},{"@type":"ImageObject","inLanguage":"fr-FR","@id":"https:\/\/blog.termetritone.it\/vita-in-hotel\/al-tritone-trovo-tutto-cio-che-desidero-la-testimonianza-di-alfredo-sudati\/#primaryimage","url":"https:\/\/blog.termetritone.it\/wp-content\/uploads\/2021\/11\/01-art.04-fr.jpg","contentUrl":"https:\/\/blog.termetritone.it\/wp-content\/uploads\/2021\/11\/01-art.04-fr.jpg","width":1920,"height":1080},{"@type":"BreadcrumbList","@id":"https:\/\/blog.termetritone.it\/vita-in-hotel\/al-tritone-trovo-tutto-cio-che-desidero-la-testimonianza-di-alfredo-sudati\/#breadcrumb","itemListElement":[{"@type":"ListItem","position":1,"name":"Home","item":"https:\/\/blog.termetritone.it\/fr\/"},{"@type":"ListItem","position":2,"name":"\u00ab Au Tritone, je trouve tout ce que je d\u00e9sire \u00bb : le t\u00e9moignage d&#8217;Alfredo Sudati"}]},{"@type":"WebSite","@id":"https:\/\/blog.termetritone.it\/#website","url":"https:\/\/blog.termetritone.it\/","name":"Blog Hotel Tritone Terme","description":"Eleganza e relax senza compromessi","publisher":{"@id":"https:\/\/blog.termetritone.it\/#organization"},"potentialAction":[{"@type":"SearchAction","target":{"@type":"EntryPoint","urlTemplate":"https:\/\/blog.termetritone.it\/?s={search_term_string}"},"query-input":{"@type":"PropertyValueSpecification","valueRequired":true,"valueName":"search_term_string"}}],"inLanguage":"fr-FR"},{"@type":"Organization","@id":"https:\/\/blog.termetritone.it\/#organization","name":"Hotel Tritone Terme - Sethi srl","url":"https:\/\/blog.termetritone.it\/","logo":{"@type":"ImageObject","inLanguage":"fr-FR","@id":"https:\/\/blog.termetritone.it\/#\/schema\/logo\/image\/","url":"https:\/\/blog.termetritone.it\/wp-content\/uploads\/2018\/10\/logo-tritone-small.png","contentUrl":"https:\/\/blog.termetritone.it\/wp-content\/uploads\/2018\/10\/logo-tritone-small.png","width":249,"height":80,"caption":"Hotel Tritone Terme - Sethi srl"},"image":{"@id":"https:\/\/blog.termetritone.it\/#\/schema\/logo\/image\/"},"sameAs":["https:\/\/www.facebook.com\/HotelTritoneTerme\/","https:\/\/x.com\/TermeTritone","https:\/\/www.youtube.com\/channel\/UCBtuO3rJaSxzX_OkEw3niJg"]},{"@type":"Person","@id":"https:\/\/blog.termetritone.it\/#\/schema\/person\/414da071f6d70bca9d0d8ceff19c5315","name":"Luca Bassanello","image":{"@type":"ImageObject","inLanguage":"fr-FR","@id":"https:\/\/secure.gravatar.com\/avatar\/b6919a8f9a19eed40188a61dc7b9e0e067487c173e5e5cecfb267cedf5a141d9?s=96&d=mm&r=g","url":"https:\/\/secure.gravatar.com\/avatar\/b6919a8f9a19eed40188a61dc7b9e0e067487c173e5e5cecfb267cedf5a141d9?s=96&d=mm&r=g","contentUrl":"https:\/\/secure.gravatar.com\/avatar\/b6919a8f9a19eed40188a61dc7b9e0e067487c173e5e5cecfb267cedf5a141d9?s=96&d=mm&r=g","caption":"Luca Bassanello"},"url":"https:\/\/blog.termetritone.it\/fr\/author\/luca\/"}]}},"_links":{"self":[{"href":"https:\/\/blog.termetritone.it\/fr\/wp-json\/wp\/v2\/posts\/8111","targetHints":{"allow":["GET"]}}],"collection":[{"href":"https:\/\/blog.termetritone.it\/fr\/wp-json\/wp\/v2\/posts"}],"about":[{"href":"https:\/\/blog.termetritone.it\/fr\/wp-json\/wp\/v2\/types\/post"}],"author":[{"embeddable":true,"href":"https:\/\/blog.termetritone.it\/fr\/wp-json\/wp\/v2\/users\/2"}],"replies":[{"embeddable":true,"href":"https:\/\/blog.termetritone.it\/fr\/wp-json\/wp\/v2\/comments?post=8111"}],"version-history":[{"count":0,"href":"https:\/\/blog.termetritone.it\/fr\/wp-json\/wp\/v2\/posts\/8111\/revisions"}],"wp:featuredmedia":[{"embeddable":true,"href":"https:\/\/blog.termetritone.it\/fr\/wp-json\/wp\/v2\/media\/8223"}],"wp:attachment":[{"href":"https:\/\/blog.termetritone.it\/fr\/wp-json\/wp\/v2\/media?parent=8111"}],"wp:term":[{"taxonomy":"category","embeddable":true,"href":"https:\/\/blog.termetritone.it\/fr\/wp-json\/wp\/v2\/categories?post=8111"},{"taxonomy":"post_tag","embeddable":true,"href":"https:\/\/blog.termetritone.it\/fr\/wp-json\/wp\/v2\/tags?post=8111"}],"curies":[{"name":"wp","href":"https:\/\/api.w.org\/{rel}","templated":true}]}}